{"id":225984,"date":"2015-10-01T12:42:53","date_gmt":"2015-10-01T10:42:53","guid":{"rendered":"https:\/\/www.idr-freiburg.de\/content\/?p=225984"},"modified":"2023-06-26T19:37:21","modified_gmt":"2023-06-26T17:37:21","slug":"monika-schiwy-jessen-sophie-maechler-quilts-und-collagen","status":"publish","type":"post","link":"https:\/\/www.idr-freiburg.de\/content\/2015\/10\/monika-schiwy-jessen-sophie-maechler-quilts-und-collagen\/","title":{"rendered":"<b>Monika Schiwy-Jessen \/ Sophie Maechler<\/b> <br>Quilts und Collagen"},"content":{"rendered":"<p>[et_pb_section fb_built=&#8220;1&#8243; fullwidth=&#8220;on&#8220; admin_label=&#8220;Header Section&#8220; _builder_version=&#8220;4.16&#8243; background_color=&#8220;#000000&#8243; background_enable_image=&#8220;off&#8220; background_blend=&#8220;multiply&#8220; custom_margin=&#8220;0px||||false|false&#8220; custom_padding=&#8220;0px||||false|false&#8220; global_colors_info=&#8220;{}&#8220;][et_pb_fullwidth_header title=&#8220;Monika Schiwy-Jessen \/ Sophie Maechler&#8220; subhead=&#8220;11.03.2020 \u2013 28.05.2020&#8243; text_orientation=&#8220;center&#8220; header_fullscreen=&#8220;on&#8220; header_scroll_down=&#8220;on&#8220; scroll_down_icon=&#8220;%%0%%&#8220; scroll_down_icon_color=&#8220;#ffffff&#8220; background_overlay_color=&#8220;rgba(0,0,0,0.4)&#8220; content_max_width_last_edited=&#8220;off|desktop&#8220; admin_label=&#8220;TXT \/ K\u00fcnstler-Name&#8220; _builder_version=&#8220;4.16&#8243; title_font=&#8220;|600|||||||&#8220; title_text_align=&#8220;center&#8220; title_font_size=&#8220;60px&#8220; title_line_height=&#8220;1.5em&#8220; subhead_font=&#8220;|700|||||||&#8220; subhead_font_size=&#8220;25px&#8220; subhead_line_height=&#8220;1.9em&#8220; background_color=&#8220;rgba(255, 255, 255, 0)&#8220; background_image=&#8220;https:\/\/www.idr-freiburg.de\/content\/wp-content\/uploads\/2021\/05\/laura-davidson-QBAH4IldaZY-unsplash-2.jpg&#8220; background_size=&#8220;initial&#8220; background_position=&#8220;bottom_center&#8220; custom_button_one=&#8220;on&#8220; button_one_text_size=&#8220;15px&#8220; button_one_bg_color=&#8220;#dca57d&#8220; button_one_border_width=&#8220;10px&#8220; button_one_border_color=&#8220;#dca57d&#8220; button_one_border_radius=&#8220;0px&#8220; button_one_letter_spacing=&#8220;3px&#8220; button_one_font=&#8220;Oswald|||on|&#8220; button_one_use_icon=&#8220;off&#8220; filter_saturate=&#8220;20%&#8220; animation_style=&#8220;fade&#8220; animation_starting_opacity=&#8220;50%&#8220; animation_speed_curve=&#8220;ease-in&#8220; title_font_size_tablet=&#8220;60px&#8220; title_font_size_phone=&#8220;40px&#8220; title_font_size_last_edited=&#8220;on|tablet&#8220; button_one_border_color_hover=&#8220;#c99872&#8243; button_one_border_radius_hover=&#8220;0px&#8220; button_one_letter_spacing_hover=&#8220;3px&#8220; button_one_bg_color_hover=&#8220;#c99872&#8243; global_colors_info=&#8220;{}&#8220; button_one_text_size__hover_enabled=&#8220;off&#8220; button_two_text_size__hover_enabled=&#8220;off&#8220; button_one_text_color__hover_enabled=&#8220;off&#8220; button_two_text_color__hover_enabled=&#8220;off&#8220; button_one_border_width__hover_enabled=&#8220;off&#8220; button_two_border_width__hover_enabled=&#8220;off&#8220; button_one_border_color__hover_enabled=&#8220;on&#8220; button_one_border_color__hover=&#8220;#c99872&#8243; button_two_border_color__hover_enabled=&#8220;off&#8220; button_one_border_radius__hover_enabled=&#8220;on&#8220; button_one_border_radius__hover=&#8220;0px&#8220; button_two_border_radius__hover_enabled=&#8220;off&#8220; button_one_letter_spacing__hover_enabled=&#8220;on&#8220; button_one_letter_spacing__hover=&#8220;3px&#8220; button_two_letter_spacing__hover_enabled=&#8220;off&#8220; button_one_bg_color__hover_enabled=&#8220;on&#8220; button_one_bg_color__hover=&#8220;#c99872&#8243; button_two_bg_color__hover_enabled=&#8220;off&#8220;][\/et_pb_fullwidth_header][\/et_pb_section][et_pb_section fb_built=&#8220;1&#8243; custom_padding_last_edited=&#8220;on|phone&#8220; admin_label=&#8220;Section&#8220; _builder_version=&#8220;4.16&#8243; background_enable_image=&#8220;off&#8220; custom_margin=&#8220;||||false|false&#8220; custom_padding=&#8220;60px||0px||false|false&#8220; custom_padding_tablet=&#8220;40px||0px||false|false&#8220; custom_padding_phone=&#8220;30px||||false|false&#8220; global_colors_info=&#8220;{}&#8220;][et_pb_row custom_padding_last_edited=&#8220;on|tablet&#8220; admin_label=&#8220;Section Header&#8220; _builder_version=&#8220;4.16&#8243; module_alignment=&#8220;center&#8220; custom_padding=&#8220;40px|0px|40px|0px&#8220; custom_padding_tablet=&#8220;40px|0px||0px|false|false&#8220; custom_padding_phone=&#8220;&#8220; global_colors_info=&#8220;{}&#8220;][et_pb_column type=&#8220;4_4&#8243; _builder_version=&#8220;4.16&#8243; custom_padding=&#8220;|||&#8220; global_colors_info=&#8220;{}&#8220; custom_padding__hover=&#8220;|||&#8220;][et_pb_text admin_label=&#8220;Titel Ausstellung&#8220; _builder_version=&#8220;4.16&#8243; text_font=&#8220;Nunito||||||||&#8220; text_line_height=&#8220;1.8em&#8220; header_font=&#8220;||||||||&#8220; header_2_font=&#8220;||||||||&#8220; header_2_text_align=&#8220;center&#8220; header_2_font_size=&#8220;40px&#8220; header_2_letter_spacing=&#8220;1px&#8220; header_2_line_height=&#8220;1.5em&#8220; header_3_font=&#8220;||||||||&#8220; max_width=&#8220;600px&#8220; max_width_last_edited=&#8220;off|desktop&#8220; module_alignment=&#8220;center&#8220; custom_margin=&#8220;|||&#8220; header_font_size_tablet=&#8220;&#8220; header_font_size_phone=&#8220;&#8220; header_font_size_last_edited=&#8220;on|phone&#8220; header_2_font_size_tablet=&#8220;35px&#8220; header_2_font_size_phone=&#8220;30px&#8220; header_2_font_size_last_edited=&#8220;on|phone&#8220; global_colors_info=&#8220;{}&#8220;]<\/p>\n<h2>Quilts und Collagen<\/h2>\n<p>[\/et_pb_text][et_pb_text disabled_on=&#8220;off|off|off&#8220; admin_label=&#8220;Subtittle&#8220; _builder_version=&#8220;4.16&#8243; text_font=&#8220;||||||||&#8220; text_line_height=&#8220;1.8em&#8220; header_font=&#8220;Oswald||||&#8220; header_font_size=&#8220;16px&#8220; header_letter_spacing=&#8220;2px&#8220; text_orientation=&#8220;center&#8220; max_width=&#8220;630px&#8220; max_width_tablet=&#8220;&#8220; max_width_phone=&#8220;&#8220; max_width_last_edited=&#8220;on|phone&#8220; module_alignment=&#8220;center&#8220; custom_margin=&#8220;-30px|||&#8220; custom_padding_tablet=&#8220;&#8220; custom_padding_phone=&#8220;20px||||false|false&#8220; custom_padding_last_edited=&#8220;on|phone&#8220; text_font_size_tablet=&#8220;&#8220; text_font_size_phone=&#8220;&#8220; text_font_size_last_edited=&#8220;on|phone&#8220; text_line_height_tablet=&#8220;&#8220; text_line_height_phone=&#8220;1.6em&#8220; text_line_height_last_edited=&#8220;on|tablet&#8220; global_colors_info=&#8220;{}&#8220;]<\/p>\n<p>Das IDR freut sich, die Werke von gleich zwei K\u00fcnstlerinnen pr\u00e4sentieren zu k\u00f6nnen: Vom 1. Oktober 2015 bis 10. Januar 2016 stellen <span style=\"color: #333333;\"><strong>Monika Schiwy-Jessen<\/strong><\/span> und <span style=\"color: #333333;\"><strong>Sophie Maechler<\/strong><\/span> gemeinsam ihre Arbeiten vor.<\/p>\n<p>[\/et_pb_text][\/et_pb_column][\/et_pb_row][et_pb_row use_custom_gutter=&#8220;on&#8220; gutter_width=&#8220;2&#8243; custom_padding_last_edited=&#8220;on|phone&#8220; admin_label=&#8220;Section&#8220; _builder_version=&#8220;4.16&#8243; background_color=&#8220;RGBA(0,0,0,0)&#8220; custom_margin=&#8220;|||&#8220; custom_padding=&#8220;60px|0px|0px|0px|false|false&#8220; custom_padding_tablet=&#8220;0px|0px|0px|0px|false|false&#8220; custom_padding_phone=&#8220;&#8220; global_colors_info=&#8220;{}&#8220;][et_pb_column type=&#8220;4_4&#8243; _builder_version=&#8220;4.16&#8243; custom_padding=&#8220;|||&#8220; global_colors_info=&#8220;{}&#8220; custom_padding__hover=&#8220;|||&#8220;][dsm_image_carousel gallery_ids=&#8220;226000,225999,225998,225997,225996,225995,227172,227173,227174&#8243; centered_slides=&#8220;on&#8220; slide_to_show=&#8220;3&#8243; speed=&#8220;7000&#8243; autoplay_speed=&#8220;5000&#8243; space_between=&#8220;60&#8243; horizontal_alignment=&#8220;flex-end&#8220; dots=&#8220;off&#8220; touch_move=&#8220;on&#8220; show_lightbox=&#8220;on&#8220; show_lightbox_gallery=&#8220;on&#8220; arrow_color=&#8220;#FFFFFF&#8220; arrow_background_color=&#8220;#000000&#8243; slide_to_show_tablet=&#8220;3&#8243; slide_to_show_phone=&#8220;2&#8243; slide_to_show_last_edited=&#8220;on|desktop&#8220; _builder_version=&#8220;4.16&#8243; _module_preset=&#8220;default&#8220; background_color=&#8220;RGBA(0,0,0,0)&#8220; locked=&#8220;off&#8220; global_colors_info=&#8220;{}&#8220;][\/dsm_image_carousel][\/et_pb_column][\/et_pb_row][\/et_pb_section][et_pb_section fb_built=&#8220;1&#8243; module_id=&#8220;next&#8220; _builder_version=&#8220;4.16&#8243; background_color=&#8220;#FFFFFF&#8220; background_enable_image=&#8220;off&#8220; background_size=&#8220;contain&#8220; background_position=&#8220;bottom_left&#8220; background_repeat=&#8220;repeat-x&#8220; custom_padding=&#8220;0px||0px||false|false&#8220; global_colors_info=&#8220;{}&#8220;][et_pb_row column_structure=&#8220;2_3,1_3&#8243; use_custom_gutter=&#8220;on&#8220; gutter_width=&#8220;1&#8243; make_equal=&#8220;on&#8220; _builder_version=&#8220;4.16&#8243; background_color=&#8220;#FFFFFF&#8220; custom_margin_tablet=&#8220;||||false|false&#8220; custom_margin_phone=&#8220;|0px||20px|false|false&#8220; custom_margin_last_edited=&#8220;on|tablet&#8220; custom_padding=&#8220;0px||0px||false|false&#8220; global_colors_info=&#8220;{%22gcid-0ed248c1-eb15-4424-954a-cbcb8467f2ad%22:%91%93}&#8220;][et_pb_column type=&#8220;2_3&#8243; _builder_version=&#8220;4.16&#8243; background_enable_color=&#8220;off&#8220; custom_padding=&#8220;|||&#8220; border_width_left=&#8220;1px&#8220; border_color_left=&#8220;#D8D8D8&#8243; border_width_left_tablet=&#8220;0px&#8220; border_width_left_phone=&#8220;&#8220; border_width_left_last_edited=&#8220;on|tablet&#8220; global_colors_info=&#8220;{%22gcid-0ed248c1-eb15-4424-954a-cbcb8467f2ad%22:%91%93}&#8220; custom_padding__hover=&#8220;|||&#8220;][et_pb_accordion open_toggle_text_color=&#8220;#000000&#8243; open_toggle_background_color=&#8220;rgba(0,0,0,0)&#8220; closed_toggle_background_color=&#8220;RGBA(0,0,0,0)&#8220; icon_color=&#8220;#000000&#8243; admin_label=&#8220;K\u00fcnstler \/ In&#8220; _builder_version=&#8220;4.16&#8243; toggle_font=&#8220;|600|||||||&#8220; toggle_text_align=&#8220;left&#8220; toggle_font_size=&#8220;22px&#8220; body_font=&#8220;||||||||&#8220; body_text_align=&#8220;left&#8220; body_text_color=&#8220;#888888&#8243; body_line_height=&#8220;1.5em&#8220; text_orientation=&#8220;left&#8220; width_last_edited=&#8220;off|desktop&#8220; custom_margin_tablet=&#8220;|0px||0px|false|false&#8220; custom_margin_phone=&#8220;|||0px|false|false&#8220; custom_margin_last_edited=&#8220;off|desktop&#8220; toggle_font_size_tablet=&#8220;22px&#8220; toggle_font_size_phone=&#8220;18px&#8220; toggle_font_size_last_edited=&#8220;on|desktop&#8220; toggle_line_height_tablet=&#8220;120%&#8220; toggle_line_height_phone=&#8220;&#8220; toggle_line_height_last_edited=&#8220;on|desktop&#8220; custom_css_main_element=&#8220;color: #dce7eb !important;&#8220; custom_css_toggle=&#8220;||padding: 0;||margin-bottom: 0 !important;&#8220; custom_css_toggle_title=&#8220;padding: 27px 0 27px 50px !important;&#8220; custom_css_toggle_icon=&#8220; font-size: 30px;|| right: auto;|| left: 0;&#8220; custom_css_toggle_content=&#8220; padding-left: 50px;|| padding-top: 0;|| margin-top: -6px;|| line-height: 170%;|| padding-right: 0.2vw;|| padding-bottom: 29px;&#8220; locked=&#8220;off&#8220; global_colors_info=&#8220;{}&#8220; closed_toggle_background_color__hover_enabled=&#8220;off|hover&#8220; icon_color__hover_enabled=&#8220;on|hover&#8220; icon_color__hover=&#8220;#9DA7CF&#8220; custom_margin__hover_enabled=&#8220;off|hover&#8220;][et_pb_accordion_item title=&#8220;Die K\u00fcnstlerinnen&#8220; open=&#8220;on&#8220; _builder_version=&#8220;4.16&#8243; background_size=&#8220;initial&#8220; background_position=&#8220;top_left&#8220; background_repeat=&#8220;repeat&#8220; text_orientation=&#8220;left&#8220; module_alignment=&#8220;left&#8220; custom_margin_tablet=&#8220;||||false|false&#8220; custom_margin_last_edited=&#8220;off|phone&#8220; custom_padding=&#8220;|20px||20px|false|false&#8220; custom_padding_tablet=&#8220;|0px||0px|false|false&#8220; custom_padding_phone=&#8220;&#8220; custom_padding_last_edited=&#8220;on|tablet&#8220; global_colors_info=&#8220;{}&#8220;]<\/p>\n<p><span style=\"color: #333333;\"><strong>Sophie Maechler<\/strong><\/span><\/p>\n<ul>\n<li>geboren 1983 in Stra\u00dfburg<\/li>\n<li>2004-2007: Besuch der Modeschule \u201cESMOD\u201d in Paris mit Spezialisierung Gewandmeisterin<\/li>\n<li>lebt seit 2009 in Deutschland<\/li>\n<li>Kauffrau seit 2013: quilt star in Freiburg<\/li>\n<li>seit 2012: Kursleiterin im Bereich \u201cTextilkunst\u201d u.a.<\/li>\n<li>seit 2012: Teilnahme an Gruppen- und Einzelausstellungen<\/li>\n<\/ul>\n<p>Die Leidenschaft f\u00fcr textile Kunst entdeckte Sophie Maechler bereits als Kind mit ihrer Mutter und sp\u00e4ter w\u00e4hrend ihrer Ausbildung an einer Modeschule in Paris mit Spezialisierung f\u00fcr Theater-Kost\u00fcmdesign. Ihre gr\u00f6\u00dfte Inspirationsquelle ist die Natur, sie ist allerdings auch fasziniert von alten Materialien, die Spuren der Zeit aufweisen. Gerne arbeitet Sie auch mit dem Medium Papier, das sie in textile Oberfl\u00e4chen integriert.<\/p>\n<p><span style=\"color: #333333;\"><strong>Monika Schiwy-Jessen<\/strong><\/span><\/p>\n<ul>\n<li>geb. 1958<\/li>\n<li>5\/1994-4\/2013 selbst\u00e4ndige Kauffrau \u201cquilt star\u201d in Freiburg \u2013 Gesch\u00e4ft f\u00fcr Quilt- und Textilkunst<\/li>\n<li>10\/1998-4\/2013 Er\u00f6ffnung einer Galerie f\u00fcr Textilkunst mit Organisation von verschiedenen Einzel- und Gruppenausstellungen<\/li>\n<li>5\/2013 bis dato Arbeiten an k\u00fcnstlerischer Weiterentwicklung<\/li>\n<\/ul>\n<p>\u201cSeit 1997 erarbeite ich frei gestaltete Quilts und Collagen mit verschiedenen textilen und nicht-textilen Materialien, wie Papier, Plastikt\u00fcten, etc. Die Technik der Collage gibt mir gro\u00dfen k\u00fcnstlerischen Freiraum im Gestaltungsprozess. Ich drucke meine Stoffe teilweise selbst mit verschiedenen Drucktechniken. Ich arbeite mit Bildtransfertechniken vom Papier auf Stoff und lasse mich von der Natur und von Bildfragmenten aus Magazinen und Zeitungen inspirieren.\u201d<\/p>\n<p>[\/et_pb_accordion_item][\/et_pb_accordion][\/et_pb_column][et_pb_column type=&#8220;1_3&#8243; _builder_version=&#8220;4.16&#8243; background_enable_color=&#8220;off&#8220; custom_padding=&#8220;||||false|false&#8220; border_color_bottom=&#8220;#D8D8D8&#8243; border_width_left=&#8220;1px&#8220; border_color_left=&#8220;#D8D8D8&#8243; border_width_bottom_tablet=&#8220;0px&#8220; border_width_bottom_phone=&#8220;&#8220; border_width_bottom_last_edited=&#8220;on|tablet&#8220; border_width_left_tablet=&#8220;0px&#8220; border_width_left_phone=&#8220;&#8220; border_width_left_last_edited=&#8220;on|tablet&#8220; border_color_left_tablet=&#8220;&#8220; border_color_left_phone=&#8220;&#8220; border_color_left_last_edited=&#8220;on|tablet&#8220; global_colors_info=&#8220;{%22gcid-0ed248c1-eb15-4424-954a-cbcb8467f2ad%22:%91%93,%22gcid-96b88229-da64-4f14-afa5-f3d47a8141ef%22:%91%93}&#8220; custom_padding__hover=&#8220;|||&#8220;][et_pb_accordion open_toggle_text_color=&#8220;#000000&#8243; open_toggle_background_color=&#8220;rgba(0,0,0,0)&#8220; closed_toggle_background_color=&#8220;rgba(0,0,0,0)&#8220; icon_color=&#8220;#000000&#8243; admin_label=&#8220;Anschrift&#8220; _builder_version=&#8220;4.16&#8243; toggle_font=&#8220;|600|||||||&#8220; toggle_text_align=&#8220;left&#8220; toggle_font_size=&#8220;22px&#8220; body_font=&#8220;||||||||&#8220; body_text_align=&#8220;left&#8220; body_text_color=&#8220;#888888&#8243; body_line_height=&#8220;1.5em&#8220; text_orientation=&#8220;left&#8220; width_last_edited=&#8220;off|desktop&#8220; custom_margin_tablet=&#8220;|0px||0px|false|false&#8220; custom_margin_phone=&#8220;|||0px|false|false&#8220; custom_margin_last_edited=&#8220;off|desktop&#8220; toggle_font_size_tablet=&#8220;22px&#8220; toggle_font_size_phone=&#8220;18px&#8220; toggle_font_size_last_edited=&#8220;on|desktop&#8220; toggle_line_height_tablet=&#8220;120%&#8220; toggle_line_height_phone=&#8220;&#8220; toggle_line_height_last_edited=&#8220;on|desktop&#8220; custom_css_main_element=&#8220;color: #dce7eb !important;&#8220; custom_css_toggle=&#8220;||padding: 0;||margin-bottom: 0 !important;&#8220; custom_css_toggle_title=&#8220;padding: 27px 0 27px 50px !important;&#8220; custom_css_toggle_icon=&#8220; font-size: 30px;|| right: auto;|| left: 0;&#8220; custom_css_toggle_content=&#8220; padding-left: 50px;|| padding-top: 0;|| margin-top: -6px;|| line-height: 170%;|| padding-right: 0.2vw;|| padding-bottom: 29px;&#8220; locked=&#8220;off&#8220; global_colors_info=&#8220;{}&#8220; closed_toggle_background_color__hover_enabled=&#8220;off|hover&#8220; icon_color__hover_enabled=&#8220;on|hover&#8220; icon_color__hover=&#8220;#9DA7CF&#8220; custom_margin__hover_enabled=&#8220;off|hover&#8220;][et_pb_accordion_item title=&#8220;Kontakt&#8220; open=&#8220;on&#8220; _builder_version=&#8220;4.16&#8243; background_size=&#8220;initial&#8220; background_position=&#8220;top_left&#8220; background_repeat=&#8220;repeat&#8220; text_orientation=&#8220;left&#8220; module_alignment=&#8220;left&#8220; custom_margin_tablet=&#8220;||||false|false&#8220; custom_margin_last_edited=&#8220;off|phone&#8220; custom_padding=&#8220;|20px||20px|false|false&#8220; custom_padding_tablet=&#8220;|0px||0px|false|false&#8220; custom_padding_phone=&#8220;&#8220; custom_padding_last_edited=&#8220;on|tablet&#8220; global_colors_info=&#8220;{}&#8220;]<\/p>\n<p><span style=\"color: #333333;\"><strong>Monika Schiwy-Jessen<\/strong><\/span><br \/>Freiburg im Breisgau<br \/>Telefon: (0761) 72965<br \/><a href=\"mailto:schiwy-jessen@t-online.de\" target=\"_blank\" rel=\"noopener\">schiwy-jessen@t-online.de<\/a><\/p>\n<p><span style=\"color: #333333;\"><strong>Sophie Maechler<\/strong><\/span><br \/>quiltstar \u2013 Basler Str. 6 \u2013 79100 Freiburg<br \/>Telefon: (0761) 4002680<br \/><a href=\"mailto:mail@quiltstar.de\" target=\"_blank\" rel=\"noopener\">mail@quiltstar.de<\/a><\/p>\n<p>[\/et_pb_accordion_item][\/et_pb_accordion][\/et_pb_column][\/et_pb_row][\/et_pb_section][et_pb_section fb_built=&#8220;1&#8243; fullwidth=&#8220;on&#8220; admin_label=&#8220;Header Section&#8220; _builder_version=&#8220;4.16&#8243; background_color=&#8220;#000000&#8243; custom_padding=&#8220;|||&#8220; locked=&#8220;off&#8220; global_colors_info=&#8220;{}&#8220;][et_pb_fullwidth_header title=&#8220;bisherige Ausstellungen&#8220; text_orientation=&#8220;center&#8220; background_overlay_color=&#8220;rgba(0,0,0,0.4)&#8220; content_max_width_last_edited=&#8220;off|desktop&#8220; admin_label=&#8220;Bild bisherige Ausstellungen&#8220; _builder_version=&#8220;4.16&#8243; title_font=&#8220;|600|||||||&#8220; title_text_align=&#8220;center&#8220; title_font_size=&#8220;80px&#8220; title_line_height=&#8220;1.2em&#8220; subhead_font=&#8220;Nunito|600|||||||&#8220; subhead_font_size=&#8220;20px&#8220; subhead_line_height=&#8220;1.9em&#8220; background_color=&#8220;rgba(255, 255, 255, 0)&#8220; background_image=&#8220;https:\/\/www.idr-freiburg.de\/content\/wp-content\/uploads\/2021\/05\/Ausstellung-jonny-caspari-KuudDjBHIlA-unsplash.jpg&#8220; background_position=&#8220;top_center&#8220; custom_button_one=&#8220;on&#8220; button_one_text_size=&#8220;15px&#8220; button_one_bg_color=&#8220;#dca57d&#8220; button_one_border_width=&#8220;10px&#8220; button_one_border_color=&#8220;#dca57d&#8220; button_one_border_radius=&#8220;0px&#8220; button_one_letter_spacing=&#8220;3px&#8220; button_one_font=&#8220;Oswald|||on|&#8220; button_one_use_icon=&#8220;off&#8220; custom_margin=&#8220;80px||||false|false&#8220; custom_margin_tablet=&#8220;40px||||false|false&#8220; custom_margin_phone=&#8220;20px||||false|false&#8220; custom_margin_last_edited=&#8220;on|phone&#8220; custom_padding=&#8220;10%||10%||false|false&#8220; animation_style=&#8220;fade&#8220; animation_starting_opacity=&#8220;50%&#8220; animation_speed_curve=&#8220;ease-in&#8220; title_font_size_tablet=&#8220;60px&#8220; title_font_size_phone=&#8220;40px&#8220; title_font_size_last_edited=&#8220;on|phone&#8220; button_one_border_color_hover=&#8220;#c99872&#8243; button_one_border_radius_hover=&#8220;0px&#8220; button_one_letter_spacing_hover=&#8220;3px&#8220; button_one_bg_color_hover=&#8220;#c99872&#8243; global_colors_info=&#8220;{}&#8220; button_one_text_size__hover_enabled=&#8220;off&#8220; button_two_text_size__hover_enabled=&#8220;off&#8220; button_one_text_color__hover_enabled=&#8220;off&#8220; button_two_text_color__hover_enabled=&#8220;off&#8220; button_one_border_width__hover_enabled=&#8220;off&#8220; button_two_border_width__hover_enabled=&#8220;off&#8220; button_one_border_color__hover_enabled=&#8220;on&#8220; button_one_border_color__hover=&#8220;#c99872&#8243; button_two_border_color__hover_enabled=&#8220;off&#8220; button_one_border_radius__hover_enabled=&#8220;on&#8220; button_one_border_radius__hover=&#8220;0px&#8220; button_two_border_radius__hover_enabled=&#8220;off&#8220; button_one_letter_spacing__hover_enabled=&#8220;on&#8220; button_one_letter_spacing__hover=&#8220;3px&#8220; button_two_letter_spacing__hover_enabled=&#8220;off&#8220; button_one_bg_color__hover_enabled=&#8220;on&#8220; button_one_bg_color__hover=&#8220;#c99872&#8243; button_two_bg_color__hover_enabled=&#8220;off&#8220;][\/et_pb_fullwidth_header][\/et_pb_section][et_pb_section fb_built=&#8220;1&#8243; admin_label=&#8220;Blog Section&#8220; _builder_version=&#8220;4.16&#8243; background_color=&#8220;gcid-96b88229-da64-4f14-afa5-f3d47a8141ef&#8220; custom_padding=&#8220;100px|0px|100px|&#8220; locked=&#8220;off&#8220; global_colors_info=&#8220;{%22gcid-96b88229-da64-4f14-afa5-f3d47a8141ef%22:%91%22background_color%22%93}&#8220;][et_pb_row _builder_version=&#8220;4.16&#8243; module_alignment=&#8220;center&#8220; custom_margin=&#8220;|0px||0px|false|false&#8220; custom_padding=&#8220;|0px||0px|false|false&#8220; global_colors_info=&#8220;{}&#8220;][et_pb_column type=&#8220;4_4&#8243; _builder_version=&#8220;4.16&#8243; custom_padding=&#8220;|||&#8220; global_colors_info=&#8220;{}&#8220; custom_padding__hover=&#8220;|||&#8220;][dsm_blog_carousel posts_number=&#8220;20&#8243; include_categories=&#8220;17&#8243; use_overlay=&#8220;on&#8220; overlay_icon=&#8220;&#xe006;||divi||400&#8243; overlay_icon_color=&#8220;#000000&#8243; overlay_icon_size=&#8220;48px&#8220; hover_overlay_color=&#8220;rgba(255,255,255,0.5)&#8220; use_excerpt=&#8220;off&#8220; use_date=&#8220;off&#8220; meta_date=&#8220;j. M Y&#8220; use_author=&#8220;off&#8220; columns=&#8220;5&#8243; centered_slides=&#8220;on&#8220; pause_on_hover=&#8220;on&#8220; use_pagi=&#8220;off&#8220; navi_color=&#8220;#FFFFFF&#8220; navi_background_color=&#8220;#000000&#8243; post_equal_height=&#8220;on&#8220; columns_tablet=&#8220;2&#8243; columns_phone=&#8220;1&#8243; columns_last_edited=&#8220;on|phone&#8220; _builder_version=&#8220;4.16&#8243; _module_preset=&#8220;default&#8220; border_width_all_navi_arrow=&#8220;6px&#8220; border_color_all_navi_arrow=&#8220;gcid-96b88229-da64-4f14-afa5-f3d47a8141ef&#8220; global_colors_info=&#8220;{%22gcid-96b88229-da64-4f14-afa5-f3d47a8141ef%22:%91%22border_color_all_navi_arrow%22%93}&#8220;][\/dsm_blog_carousel][\/et_pb_column][\/et_pb_row][\/et_pb_section]<\/p>\n","protected":false},"excerpt":{"rendered":"<p>Quilts und CollagenDas IDR freut sich, die Werke von gleich zwei K\u00fcnstlerinnen pr\u00e4sentieren zu k\u00f6nnen: Vom 1. Oktober 2015 bis 10. Januar 2016 stellen Monika Schiwy-Jessen und Sophie Maechler gemeinsam ihre Arbeiten vor.<div class=\"et_pb_module dsm_image_carousel dsm_image_carousel_0 dsm_image_carousel_arrow_outside dsm_image_carousel_arrow_mobile_inside \">\n\t\t\t\t\n\t\t\t\t\n\t\t\t\t\n\t\t\t\t\n\t\t\t\t\n\t\t\t\t\n\t\t\t\t<div class=\"et_pb_module_inner\">\n\t\t\t\t\t<div class=\"swiper-container dsm_image_carousel_container  dsm_image_carousel_carousel\" dir=\"ltr\"data-effect=\"default\"\n\t\t\tdata-slider-effect-shadows=\"false\"\n\t\t\tdata-slider-effect-coverflow-rotate=\"30\"\n\t\t\tdata-slider-effect-coverflow-depth=\"0\"\n\t\t\tdata-loop=\"true\"\n\t\t\tdata-slide-to-show=\"3\"\n\t\t\tdata-slide-to-show-tablet=\"3\"\n\t\t\tdata-slide-to-show-phone=\"2\"\n\t\t\tdata-slide-to-scroll=\"1\"\n\t\t\tdata-slide-to-scroll-tablet=\"1\"\n\t\t\tdata-slide-to-scroll-phone=\"1\"\n\t\t\tdata-space-between=\"60\"\n\t\t\tdata-space-between-tablet=\"60\"\n\t\t\tdata-space-between-phone=\"60\"\n\t\t\tdata-slide-row=\"1\"\n\t\t\tdata-centered-slides=\"true\"\n\t\t\tdata-speed=\"7000\"\n\t\t\tdata-autoplay=\"true\"\n\t\t\tdata-autoplay-speed=\"5000\"\n\t\t\tdata-touch-move=\"false\"\n\t\t\tdata-grab=\"true\"\n\t\t\tdata-pause-on-hover=\"false\"\n\t\t\tdata-show-lightbox=\"true\"\n\t\t\tdata-lightbox-gallery=\"true\"\n\t\t\tdata-lightbox-caption=\"false\"\n\t\t\tdata-infinite-scrolling=\"false\"\n\t\t\tdata-slide-row-tablet=\"1\"\n\t\t\tdata-slide-row-phone=\"1\"\n\t\t\tdata-autoplay-viewport=80%\n\t\t\tdata-mousewheel=\"false\"\n\t\t\tdata-lazyload=\"false\"\n\t\t\tdata-type=\"carousel\"\n\t\t\tdata-slideshow-effect=\"default\"\n\t\t\tdata-slideshow-to-show=\"4\"\n\t\t\tdata-slideshow-to-show-tablet=\"4\"\n\t\t\tdata-slideshow-to-show-phone=\"\"\n\t\t\tdata-slider-orientation=\"horizontal\"\n\t\t\t\t\t\tdata-lightbox-title=\"false\"\n\n\t\t\t><div class=\"swiper-wrapper\"><div class=\"swiper-slide dsm_image_carousel_item\"><a class=\"dsm_image_carousel_lightbox\" href=\"https:\/\/www.idr-freiburg.de\/content\/wp-content\/uploads\/2021\/06\/Ausstellung-2015-2019-Monika-Schiwy-Jessen-Wachscollage.jpg\" data-mfp-src=\"https:\/\/www.idr-freiburg.de\/content\/wp-content\/uploads\/2021\/06\/Ausstellung-2015-2019-Monika-Schiwy-Jessen-Wachscollage.jpg\"><img loading=\"lazy\" decoding=\"async\" src=\"https:\/\/www.idr-freiburg.de\/content\/wp-content\/uploads\/2021\/06\/Ausstellung-2015-2019-Monika-Schiwy-Jessen-Wachscollage.jpg\" alt=\"\" title=\"Ausstellung-2015-2019-Monika-Schiwy-Jessen--Wachscollage\" width=\"1500\" height=\"1500\" data-dsm-image-description=\"\" srcset=\"https:\/\/www.idr-freiburg.de\/content\/wp-content\/uploads\/2021\/06\/Ausstellung-2015-2019-Monika-Schiwy-Jessen-Wachscollage.jpg 1500w, https:\/\/www.idr-freiburg.de\/content\/wp-content\/uploads\/2021\/06\/Ausstellung-2015-2019-Monika-Schiwy-Jessen-Wachscollage-1280x1280.jpg 1280w, https:\/\/www.idr-freiburg.de\/content\/wp-content\/uploads\/2021\/06\/Ausstellung-2015-2019-Monika-Schiwy-Jessen-Wachscollage-980x980.jpg 980w, https:\/\/www.idr-freiburg.de\/content\/wp-content\/uploads\/2021\/06\/Ausstellung-2015-2019-Monika-Schiwy-Jessen-Wachscollage-480x480.jpg 480w\" sizes=\"(min-width: 0px) and (max-width: 480px) 480px, (min-width: 481px) and (max-width: 980px) 980px, (min-width: 981px) and (max-width: 1280px) 1280px, (min-width: 1281px) 1500px, 100vw\" class=\" skip-lazy\" \/><\/a><\/div><div class=\"swiper-slide dsm_image_carousel_item\"><a class=\"dsm_image_carousel_lightbox\" href=\"https:\/\/www.idr-freiburg.de\/content\/wp-content\/uploads\/2021\/06\/Ausstellung-2015-2019-Monika-Schiwy-Jessen-Streetart.jpg\" data-mfp-src=\"https:\/\/www.idr-freiburg.de\/content\/wp-content\/uploads\/2021\/06\/Ausstellung-2015-2019-Monika-Schiwy-Jessen-Streetart.jpg\"><img loading=\"lazy\" decoding=\"async\" src=\"https:\/\/www.idr-freiburg.de\/content\/wp-content\/uploads\/2021\/06\/Ausstellung-2015-2019-Monika-Schiwy-Jessen-Streetart.jpg\" alt=\"\" title=\"Ausstellung-2015-2019-Monika-Schiwy-Jessen--Streetart\" width=\"1270\" height=\"1500\" data-dsm-image-description=\"\" srcset=\"https:\/\/www.idr-freiburg.de\/content\/wp-content\/uploads\/2021\/06\/Ausstellung-2015-2019-Monika-Schiwy-Jessen-Streetart.jpg 1270w, https:\/\/www.idr-freiburg.de\/content\/wp-content\/uploads\/2021\/06\/Ausstellung-2015-2019-Monika-Schiwy-Jessen-Streetart-980x1157.jpg 980w, https:\/\/www.idr-freiburg.de\/content\/wp-content\/uploads\/2021\/06\/Ausstellung-2015-2019-Monika-Schiwy-Jessen-Streetart-480x567.jpg 480w\" sizes=\"(min-width: 0px) and (max-width: 480px) 480px, (min-width: 481px) and (max-width: 980px) 980px, (min-width: 981px) 1270px, 100vw\" class=\" skip-lazy\" \/><\/a><\/div><div class=\"swiper-slide dsm_image_carousel_item\"><a class=\"dsm_image_carousel_lightbox\" href=\"https:\/\/www.idr-freiburg.de\/content\/wp-content\/uploads\/2021\/06\/Ausstellung-2015-2019-Monika-Schiwy-Jessen-Streetart-Detail.jpg\" data-mfp-src=\"https:\/\/www.idr-freiburg.de\/content\/wp-content\/uploads\/2021\/06\/Ausstellung-2015-2019-Monika-Schiwy-Jessen-Streetart-Detail.jpg\"><img loading=\"lazy\" decoding=\"async\" src=\"https:\/\/www.idr-freiburg.de\/content\/wp-content\/uploads\/2021\/06\/Ausstellung-2015-2019-Monika-Schiwy-Jessen-Streetart-Detail.jpg\" alt=\"\" title=\"Ausstellung-2015-2019-Monika-Schiwy-Jessen--Streetart-Detail\" width=\"1500\" height=\"1125\" data-dsm-image-description=\"\" srcset=\"https:\/\/www.idr-freiburg.de\/content\/wp-content\/uploads\/2021\/06\/Ausstellung-2015-2019-Monika-Schiwy-Jessen-Streetart-Detail.jpg 1500w, https:\/\/www.idr-freiburg.de\/content\/wp-content\/uploads\/2021\/06\/Ausstellung-2015-2019-Monika-Schiwy-Jessen-Streetart-Detail-1280x960.jpg 1280w, https:\/\/www.idr-freiburg.de\/content\/wp-content\/uploads\/2021\/06\/Ausstellung-2015-2019-Monika-Schiwy-Jessen-Streetart-Detail-980x735.jpg 980w, https:\/\/www.idr-freiburg.de\/content\/wp-content\/uploads\/2021\/06\/Ausstellung-2015-2019-Monika-Schiwy-Jessen-Streetart-Detail-480x360.jpg 480w\" sizes=\"(min-width: 0px) and (max-width: 480px) 480px, (min-width: 481px) and (max-width: 980px) 980px, (min-width: 981px) and (max-width: 1280px) 1280px, (min-width: 1281px) 1500px, 100vw\" class=\" skip-lazy\" \/><\/a><\/div><div class=\"swiper-slide dsm_image_carousel_item\"><a class=\"dsm_image_carousel_lightbox\" href=\"https:\/\/www.idr-freiburg.de\/content\/wp-content\/uploads\/2021\/06\/Ausstellung-2015-2019-Monika-Schiwy-Jessen-Reflection.jpg\" data-mfp-src=\"https:\/\/www.idr-freiburg.de\/content\/wp-content\/uploads\/2021\/06\/Ausstellung-2015-2019-Monika-Schiwy-Jessen-Reflection.jpg\"><img loading=\"lazy\" decoding=\"async\" src=\"https:\/\/www.idr-freiburg.de\/content\/wp-content\/uploads\/2021\/06\/Ausstellung-2015-2019-Monika-Schiwy-Jessen-Reflection.jpg\" alt=\"\" title=\"Ausstellung-2015-2019-Monika-Schiwy-Jessen--Reflection\" width=\"1500\" height=\"1129\" data-dsm-image-description=\"\" srcset=\"https:\/\/www.idr-freiburg.de\/content\/wp-content\/uploads\/2021\/06\/Ausstellung-2015-2019-Monika-Schiwy-Jessen-Reflection.jpg 1500w, https:\/\/www.idr-freiburg.de\/content\/wp-content\/uploads\/2021\/06\/Ausstellung-2015-2019-Monika-Schiwy-Jessen-Reflection-1280x963.jpg 1280w, https:\/\/www.idr-freiburg.de\/content\/wp-content\/uploads\/2021\/06\/Ausstellung-2015-2019-Monika-Schiwy-Jessen-Reflection-980x738.jpg 980w, https:\/\/www.idr-freiburg.de\/content\/wp-content\/uploads\/2021\/06\/Ausstellung-2015-2019-Monika-Schiwy-Jessen-Reflection-480x361.jpg 480w\" sizes=\"(min-width: 0px) and (max-width: 480px) 480px, (min-width: 481px) and (max-width: 980px) 980px, (min-width: 981px) and (max-width: 1280px) 1280px, (min-width: 1281px) 1500px, 100vw\" class=\" skip-lazy\" \/><\/a><\/div><div class=\"swiper-slide dsm_image_carousel_item\"><a class=\"dsm_image_carousel_lightbox\" href=\"https:\/\/www.idr-freiburg.de\/content\/wp-content\/uploads\/2021\/06\/Ausstellung-2015-2019-Monika-Schiwy-Jessen-IDR-Today-Detail.jpg\" data-mfp-src=\"https:\/\/www.idr-freiburg.de\/content\/wp-content\/uploads\/2021\/06\/Ausstellung-2015-2019-Monika-Schiwy-Jessen-IDR-Today-Detail.jpg\"><img loading=\"lazy\" decoding=\"async\" src=\"https:\/\/www.idr-freiburg.de\/content\/wp-content\/uploads\/2021\/06\/Ausstellung-2015-2019-Monika-Schiwy-Jessen-IDR-Today-Detail.jpg\" alt=\"\" title=\"Ausstellung-2015-2019-Monika-Schiwy-Jessen--IDR-Today-Detail\" width=\"1456\" height=\"1092\" data-dsm-image-description=\"\" srcset=\"https:\/\/www.idr-freiburg.de\/content\/wp-content\/uploads\/2021\/06\/Ausstellung-2015-2019-Monika-Schiwy-Jessen-IDR-Today-Detail.jpg 1456w, https:\/\/www.idr-freiburg.de\/content\/wp-content\/uploads\/2021\/06\/Ausstellung-2015-2019-Monika-Schiwy-Jessen-IDR-Today-Detail-1280x960.jpg 1280w, https:\/\/www.idr-freiburg.de\/content\/wp-content\/uploads\/2021\/06\/Ausstellung-2015-2019-Monika-Schiwy-Jessen-IDR-Today-Detail-980x735.jpg 980w, https:\/\/www.idr-freiburg.de\/content\/wp-content\/uploads\/2021\/06\/Ausstellung-2015-2019-Monika-Schiwy-Jessen-IDR-Today-Detail-480x360.jpg 480w\" sizes=\"(min-width: 0px) and (max-width: 480px) 480px, (min-width: 481px) and (max-width: 980px) 980px, (min-width: 981px) and (max-width: 1280px) 1280px, (min-width: 1281px) 1456px, 100vw\" class=\" skip-lazy\" \/><\/a><\/div><div class=\"swiper-slide dsm_image_carousel_item\"><a class=\"dsm_image_carousel_lightbox\" href=\"https:\/\/www.idr-freiburg.de\/content\/wp-content\/uploads\/2021\/06\/Ausstellung-2015-2019-Monika-Schiwy-Jessen-Faces-in-the-City-Berlin.jpg\" data-mfp-src=\"https:\/\/www.idr-freiburg.de\/content\/wp-content\/uploads\/2021\/06\/Ausstellung-2015-2019-Monika-Schiwy-Jessen-Faces-in-the-City-Berlin.jpg\"><img loading=\"lazy\" decoding=\"async\" src=\"https:\/\/www.idr-freiburg.de\/content\/wp-content\/uploads\/2021\/06\/Ausstellung-2015-2019-Monika-Schiwy-Jessen-Faces-in-the-City-Berlin.jpg\" alt=\"\" title=\"Ausstellung-2015-2019-Monika-Schiwy-Jessen--Faces-in-the-City-Berlin\" width=\"600\" height=\"800\" data-dsm-image-description=\"\" srcset=\"https:\/\/www.idr-freiburg.de\/content\/wp-content\/uploads\/2021\/06\/Ausstellung-2015-2019-Monika-Schiwy-Jessen-Faces-in-the-City-Berlin.jpg 600w, https:\/\/www.idr-freiburg.de\/content\/wp-content\/uploads\/2021\/06\/Ausstellung-2015-2019-Monika-Schiwy-Jessen-Faces-in-the-City-Berlin-480x640.jpg 480w\" sizes=\"(min-width: 0px) and (max-width: 480px) 480px, (min-width: 481px) 600px, 100vw\" class=\" skip-lazy\" \/><\/a><\/div><div class=\"swiper-slide dsm_image_carousel_item\"><a class=\"dsm_image_carousel_lightbox\" href=\"https:\/\/www.idr-freiburg.de\/content\/wp-content\/uploads\/2021\/08\/Ausstellung-2015-Sophie-Maechler-277.jpg\" data-mfp-src=\"https:\/\/www.idr-freiburg.de\/content\/wp-content\/uploads\/2021\/08\/Ausstellung-2015-Sophie-Maechler-277.jpg\"><img loading=\"lazy\" decoding=\"async\" src=\"https:\/\/www.idr-freiburg.de\/content\/wp-content\/uploads\/2021\/08\/Ausstellung-2015-Sophie-Maechler-277.jpg\" alt=\"\" title=\"Ausstellung-2015-Sophie-Maechler-277\" width=\"1500\" height=\"1075\" data-dsm-image-description=\"\" srcset=\"https:\/\/www.idr-freiburg.de\/content\/wp-content\/uploads\/2021\/08\/Ausstellung-2015-Sophie-Maechler-277.jpg 1500w, https:\/\/www.idr-freiburg.de\/content\/wp-content\/uploads\/2021\/08\/Ausstellung-2015-Sophie-Maechler-277-1280x917.jpg 1280w, https:\/\/www.idr-freiburg.de\/content\/wp-content\/uploads\/2021\/08\/Ausstellung-2015-Sophie-Maechler-277-980x702.jpg 980w, https:\/\/www.idr-freiburg.de\/content\/wp-content\/uploads\/2021\/08\/Ausstellung-2015-Sophie-Maechler-277-480x344.jpg 480w\" sizes=\"(min-width: 0px) and (max-width: 480px) 480px, (min-width: 481px) and (max-width: 980px) 980px, (min-width: 981px) and (max-width: 1280px) 1280px, (min-width: 1281px) 1500px, 100vw\" class=\" skip-lazy\" \/><\/a><\/div><div class=\"swiper-slide dsm_image_carousel_item\"><a class=\"dsm_image_carousel_lightbox\" href=\"https:\/\/www.idr-freiburg.de\/content\/wp-content\/uploads\/2021\/08\/Ausstellung-2015-Sophie-Maechler-285.jpg\" data-mfp-src=\"https:\/\/www.idr-freiburg.de\/content\/wp-content\/uploads\/2021\/08\/Ausstellung-2015-Sophie-Maechler-285.jpg\"><img loading=\"lazy\" decoding=\"async\" src=\"https:\/\/www.idr-freiburg.de\/content\/wp-content\/uploads\/2021\/08\/Ausstellung-2015-Sophie-Maechler-285.jpg\" alt=\"\" title=\"Ausstellung-2015-Sophie-Maechler-285\" width=\"1500\" height=\"1027\" data-dsm-image-description=\"\" srcset=\"https:\/\/www.idr-freiburg.de\/content\/wp-content\/uploads\/2021\/08\/Ausstellung-2015-Sophie-Maechler-285.jpg 1500w, https:\/\/www.idr-freiburg.de\/content\/wp-content\/uploads\/2021\/08\/Ausstellung-2015-Sophie-Maechler-285-1280x876.jpg 1280w, https:\/\/www.idr-freiburg.de\/content\/wp-content\/uploads\/2021\/08\/Ausstellung-2015-Sophie-Maechler-285-980x671.jpg 980w, https:\/\/www.idr-freiburg.de\/content\/wp-content\/uploads\/2021\/08\/Ausstellung-2015-Sophie-Maechler-285-480x329.jpg 480w\" sizes=\"(min-width: 0px) and (max-width: 480px) 480px, (min-width: 481px) and (max-width: 980px) 980px, (min-width: 981px) and (max-width: 1280px) 1280px, (min-width: 1281px) 1500px, 100vw\" class=\" skip-lazy\" \/><\/a><\/div><div class=\"swiper-slide dsm_image_carousel_item\"><a class=\"dsm_image_carousel_lightbox\" href=\"https:\/\/www.idr-freiburg.de\/content\/wp-content\/uploads\/2021\/08\/Ausstellung-2015-Sophie-Maechler-287.jpg\" data-mfp-src=\"https:\/\/www.idr-freiburg.de\/content\/wp-content\/uploads\/2021\/08\/Ausstellung-2015-Sophie-Maechler-287.jpg\"><img loading=\"lazy\" decoding=\"async\" src=\"https:\/\/www.idr-freiburg.de\/content\/wp-content\/uploads\/2021\/08\/Ausstellung-2015-Sophie-Maechler-287.jpg\" alt=\"\" title=\"Ausstellung-2015-Sophie-Maechler-287\" width=\"1500\" height=\"1030\" data-dsm-image-description=\"\" srcset=\"https:\/\/www.idr-freiburg.de\/content\/wp-content\/uploads\/2021\/08\/Ausstellung-2015-Sophie-Maechler-287.jpg 1500w, https:\/\/www.idr-freiburg.de\/content\/wp-content\/uploads\/2021\/08\/Ausstellung-2015-Sophie-Maechler-287-1280x879.jpg 1280w, https:\/\/www.idr-freiburg.de\/content\/wp-content\/uploads\/2021\/08\/Ausstellung-2015-Sophie-Maechler-287-980x673.jpg 980w, https:\/\/www.idr-freiburg.de\/content\/wp-content\/uploads\/2021\/08\/Ausstellung-2015-Sophie-Maechler-287-480x330.jpg 480w\" sizes=\"(min-width: 0px) and (max-width: 480px) 480px, (min-width: 481px) and (max-width: 980px) 980px, (min-width: 981px) and (max-width: 1280px) 1280px, (min-width: 1281px) 1500px, 100vw\" class=\" skip-lazy\" \/><\/a><\/div><\/div><\/div><div class=\"swiper-button-prev swiper-arrow-button\" data-icon=\"4\"><\/div><div class=\"swiper-button-next swiper-arrow-button\" data-icon=\"5\"><\/div>\n\t\t\t\t<\/div>\n\t\t\t<\/div>Sophie Maechler geboren 1983 in Stra\u00dfburg 2004-2007: Besuch der Modeschule \u201cESMOD\u201d in Paris mit Spezialisierung Gewandmeisterin lebt seit 2009 in Deutschland Kauffrau seit 2013: quilt star in Freiburg seit 2012: Kursleiterin im Bereich \u201cTextilkunst\u201d u.a. seit 2012: Teilnahme an Gruppen- und Einzelausstellungen Die Leidenschaft f\u00fcr textile Kunst entdeckte Sophie Maechler bereits als Kind mit ihrer Mutter und sp\u00e4ter w\u00e4hrend ihrer Ausbildung an einer Modeschule in Paris mit Spezialisierung f\u00fcr Theater-Kost\u00fcmdesign. Ihre gr\u00f6\u00dfte Inspirationsquelle ist die Natur, sie ist allerdings auch fasziniert von alten Materialien, die Spuren der Zeit aufweisen. Gerne arbeitet Sie auch mit dem Medium Papier, das sie in textile Oberfl\u00e4chen integriert. Monika Schiwy-Jessen geb. 1958 5\/1994-4\/2013 selbst\u00e4ndige Kauffrau \u201cquilt star\u201d in Freiburg \u2013 Gesch\u00e4ft f\u00fcr Quilt- und Textilkunst 10\/1998-4\/2013 Er\u00f6ffnung einer Galerie f\u00fcr Textilkunst mit Organisation von verschiedenen Einzel- und Gruppenausstellungen 5\/2013 bis dato Arbeiten an k\u00fcnstlerischer Weiterentwicklung \u201cSeit 1997 erarbeite ich frei gestaltete Quilts [&hellip;]<\/p>\n","protected":false},"author":2,"featured_media":225998,"comment_status":"open","ping_status":"open","sticky":false,"template":"","format":"standard","meta":{"_et_pb_use_builder":"on","_et_pb_old_content":"","_et_gb_content_width":"","footnotes":""},"categories":[17],"tags":[],"class_list":["post-225984","post","type-post","status-publish","format-standard","has-post-thumbnail","hentry","category-ausstellungen"],"_links":{"self":[{"href":"https:\/\/www.idr-freiburg.de\/content\/wp-json\/wp\/v2\/posts\/225984","targetHints":{"allow":["GET"]}}],"collection":[{"href":"https:\/\/www.idr-freiburg.de\/content\/wp-json\/wp\/v2\/posts"}],"about":[{"href":"https:\/\/www.idr-freiburg.de\/content\/wp-json\/wp\/v2\/types\/post"}],"author":[{"embeddable":true,"href":"https:\/\/www.idr-freiburg.de\/content\/wp-json\/wp\/v2\/users\/2"}],"replies":[{"embeddable":true,"href":"https:\/\/www.idr-freiburg.de\/content\/wp-json\/wp\/v2\/comments?post=225984"}],"version-history":[{"count":0,"href":"https:\/\/www.idr-freiburg.de\/content\/wp-json\/wp\/v2\/posts\/225984\/revisions"}],"wp:featuredmedia":[{"embeddable":true,"href":"https:\/\/www.idr-freiburg.de\/content\/wp-json\/wp\/v2\/media\/225998"}],"wp:attachment":[{"href":"https:\/\/www.idr-freiburg.de\/content\/wp-json\/wp\/v2\/media?parent=225984"}],"wp:term":[{"taxonomy":"category","embeddable":true,"href":"https:\/\/www.idr-freiburg.de\/content\/wp-json\/wp\/v2\/categories?post=225984"},{"taxonomy":"post_tag","embeddable":true,"href":"https:\/\/www.idr-freiburg.de\/content\/wp-json\/wp\/v2\/tags?post=225984"}],"curies":[{"name":"wp","href":"https:\/\/api.w.org\/{rel}","templated":true}]}}