{"id":225898,"date":"2019-10-01T11:46:25","date_gmt":"2019-10-01T09:46:25","guid":{"rendered":"https:\/\/www.idr-freiburg.de\/content\/?p=225898"},"modified":"2023-06-26T19:31:07","modified_gmt":"2023-06-26T17:31:07","slug":"roland-hoelderle-assemblagen","status":"publish","type":"post","link":"https:\/\/www.idr-freiburg.de\/content\/2019\/10\/roland-hoelderle-assemblagen\/","title":{"rendered":"<b>Roland H\u00f6lderle<\/b> <br>Assemblagen"},"content":{"rendered":"<p>[et_pb_section fb_built=&#8220;1&#8243; fullwidth=&#8220;on&#8220; admin_label=&#8220;Header Section&#8220; _builder_version=&#8220;4.16&#8243; background_color=&#8220;#000000&#8243; background_enable_image=&#8220;off&#8220; background_blend=&#8220;multiply&#8220; custom_margin=&#8220;0px||||false|false&#8220; custom_padding=&#8220;0px||||false|false&#8220; global_colors_info=&#8220;{}&#8220;][et_pb_fullwidth_header title=&#8220;Roland H\u00f6lderle&#8220; subhead=&#8220;R\u00fcckblick: 01.10.2019 \u2013 06.03.2020&#8243; text_orientation=&#8220;center&#8220; header_fullscreen=&#8220;on&#8220; header_scroll_down=&#8220;on&#8220; scroll_down_icon=&#8220;%%0%%&#8220; scroll_down_icon_color=&#8220;#ffffff&#8220; background_overlay_color=&#8220;rgba(0,0,0,0.4)&#8220; content_max_width_last_edited=&#8220;off|desktop&#8220; admin_label=&#8220;TXT \/ K\u00fcnstler-Name&#8220; _builder_version=&#8220;4.19.4&#8243; title_font=&#8220;|600|||||||&#8220; title_text_align=&#8220;center&#8220; title_font_size=&#8220;80px&#8220; title_line_height=&#8220;1.5em&#8220; subhead_font=&#8220;|700|||||||&#8220; subhead_font_size=&#8220;25px&#8220; subhead_line_height=&#8220;1.9em&#8220; background_color=&#8220;rgba(255, 255, 255, 0)&#8220; background_image=&#8220;https:\/\/www.idr-freiburg.de\/content\/wp-content\/uploads\/2021\/05\/laura-davidson-QBAH4IldaZY-unsplash-2.jpg&#8220; background_size=&#8220;initial&#8220; background_position=&#8220;bottom_center&#8220; custom_button_one=&#8220;on&#8220; button_one_text_size=&#8220;15px&#8220; button_one_bg_color=&#8220;#dca57d&#8220; button_one_border_width=&#8220;10px&#8220; button_one_border_color=&#8220;#dca57d&#8220; button_one_border_radius=&#8220;0px&#8220; button_one_letter_spacing=&#8220;3px&#8220; button_one_font=&#8220;Oswald|||on|&#8220; button_one_use_icon=&#8220;off&#8220; filter_saturate=&#8220;20%&#8220; animation_style=&#8220;fade&#8220; animation_starting_opacity=&#8220;50%&#8220; animation_speed_curve=&#8220;ease-in&#8220; title_font_size_tablet=&#8220;60px&#8220; title_font_size_phone=&#8220;40px&#8220; title_font_size_last_edited=&#8220;on|tablet&#8220; button_one_border_color_hover=&#8220;#c99872&#8243; button_one_border_radius_hover=&#8220;0px&#8220; button_one_letter_spacing_hover=&#8220;3px&#8220; button_one_bg_color_hover=&#8220;#c99872&#8243; global_colors_info=&#8220;{}&#8220; button_one_text_size__hover_enabled=&#8220;off&#8220; button_two_text_size__hover_enabled=&#8220;off&#8220; button_one_text_color__hover_enabled=&#8220;off&#8220; button_two_text_color__hover_enabled=&#8220;off&#8220; button_one_border_width__hover_enabled=&#8220;off&#8220; button_two_border_width__hover_enabled=&#8220;off&#8220; button_one_border_color__hover_enabled=&#8220;on&#8220; button_one_border_color__hover=&#8220;#c99872&#8243; button_two_border_color__hover_enabled=&#8220;off&#8220; button_one_border_radius__hover_enabled=&#8220;on&#8220; button_one_border_radius__hover=&#8220;0px&#8220; button_two_border_radius__hover_enabled=&#8220;off&#8220; button_one_letter_spacing__hover_enabled=&#8220;on&#8220; button_one_letter_spacing__hover=&#8220;3px&#8220; button_two_letter_spacing__hover_enabled=&#8220;off&#8220; button_one_bg_color__hover_enabled=&#8220;on&#8220; button_one_bg_color__hover=&#8220;#c99872&#8243; button_two_bg_color__hover_enabled=&#8220;off&#8220;][\/et_pb_fullwidth_header][\/et_pb_section][et_pb_section fb_built=&#8220;1&#8243; custom_padding_last_edited=&#8220;on|phone&#8220; admin_label=&#8220;Section&#8220; _builder_version=&#8220;4.16&#8243; background_enable_image=&#8220;off&#8220; custom_margin=&#8220;||||false|false&#8220; custom_padding=&#8220;60px||0px||false|false&#8220; custom_padding_tablet=&#8220;40px||0px||false|false&#8220; custom_padding_phone=&#8220;30px||||false|false&#8220; global_colors_info=&#8220;{}&#8220;][et_pb_row custom_padding_last_edited=&#8220;on|tablet&#8220; admin_label=&#8220;Section Header&#8220; _builder_version=&#8220;4.16&#8243; module_alignment=&#8220;center&#8220; custom_padding=&#8220;40px|0px|40px|0px&#8220; custom_padding_tablet=&#8220;40px|0px||0px|false|false&#8220; custom_padding_phone=&#8220;&#8220; global_colors_info=&#8220;{}&#8220;][et_pb_column type=&#8220;4_4&#8243; _builder_version=&#8220;4.16&#8243; custom_padding=&#8220;|||&#8220; global_colors_info=&#8220;{}&#8220; custom_padding__hover=&#8220;|||&#8220;][et_pb_text admin_label=&#8220;Titel Ausstellung&#8220; _builder_version=&#8220;4.16&#8243; text_font=&#8220;Nunito||||||||&#8220; text_line_height=&#8220;1.8em&#8220; header_font=&#8220;||||||||&#8220; header_2_font=&#8220;||||||||&#8220; header_2_text_align=&#8220;center&#8220; header_2_font_size=&#8220;40px&#8220; header_2_letter_spacing=&#8220;1px&#8220; header_2_line_height=&#8220;1.5em&#8220; header_3_font=&#8220;||||||||&#8220; max_width=&#8220;600px&#8220; max_width_last_edited=&#8220;off|desktop&#8220; module_alignment=&#8220;center&#8220; custom_margin=&#8220;|||&#8220; header_font_size_tablet=&#8220;&#8220; header_font_size_phone=&#8220;&#8220; header_font_size_last_edited=&#8220;on|phone&#8220; header_2_font_size_tablet=&#8220;35px&#8220; header_2_font_size_phone=&#8220;30px&#8220; header_2_font_size_last_edited=&#8220;on|phone&#8220; global_colors_info=&#8220;{}&#8220;]<\/p>\n<h2>Assemblagen<\/h2>\n<p>[\/et_pb_text][et_pb_text disabled_on=&#8220;off|off|off&#8220; admin_label=&#8220;Subtittle&#8220; _builder_version=&#8220;4.19.4&#8243; text_font=&#8220;||||||||&#8220; text_line_height=&#8220;1.8em&#8220; header_font=&#8220;Oswald||||&#8220; header_font_size=&#8220;16px&#8220; header_letter_spacing=&#8220;2px&#8220; text_orientation=&#8220;center&#8220; max_width=&#8220;630px&#8220; max_width_tablet=&#8220;&#8220; max_width_phone=&#8220;&#8220; max_width_last_edited=&#8220;on|phone&#8220; module_alignment=&#8220;center&#8220; custom_margin=&#8220;-30px|||&#8220; custom_padding_tablet=&#8220;&#8220; custom_padding_phone=&#8220;20px||||false|false&#8220; custom_padding_last_edited=&#8220;on|phone&#8220; text_font_size_tablet=&#8220;&#8220; text_font_size_phone=&#8220;&#8220; text_font_size_last_edited=&#8220;on|phone&#8220; text_line_height_tablet=&#8220;&#8220; text_line_height_phone=&#8220;1.6em&#8220; text_line_height_last_edited=&#8220;on|tablet&#8220; global_colors_info=&#8220;{}&#8220;]<\/p>\n<p>Ein k\u00fcnstlerischer R\u00fcckblick auf das Ausstellungsjahr 2019\/2020:<br \/>Die Werke des <strong>K\u00fcnstlers Roland H\u00f6lderle<\/strong> wurden vom 1. Oktober 2019 bis 6. M\u00e4rz 2020 in unserer Praxis in der Gartenstra\u00dfe 28 in Freiburg pr\u00e4sentiert.<\/p>\n<p>[\/et_pb_text][\/et_pb_column][\/et_pb_row][et_pb_row use_custom_gutter=&#8220;on&#8220; gutter_width=&#8220;2&#8243; custom_padding_last_edited=&#8220;on|phone&#8220; admin_label=&#8220;Section&#8220; _builder_version=&#8220;4.16&#8243; background_color=&#8220;RGBA(0,0,0,0)&#8220; custom_margin=&#8220;|||&#8220; custom_padding=&#8220;60px|0px|0px|0px|false|false&#8220; custom_padding_tablet=&#8220;0px|0px|0px|0px|false|false&#8220; custom_padding_phone=&#8220;&#8220; global_colors_info=&#8220;{}&#8220;][et_pb_column type=&#8220;4_4&#8243; _builder_version=&#8220;4.16&#8243; custom_padding=&#8220;|||&#8220; global_colors_info=&#8220;{}&#8220; custom_padding__hover=&#8220;|||&#8220;][dsm_image_carousel gallery_ids=&#8220;225907,225908,225905,225906,225904,225903,225902,225901&#8243; centered_slides=&#8220;on&#8220; slide_to_show=&#8220;3&#8243; speed=&#8220;7000&#8243; autoplay_speed=&#8220;5000&#8243; space_between=&#8220;60&#8243; horizontal_alignment=&#8220;flex-end&#8220; dots=&#8220;off&#8220; touch_move=&#8220;on&#8220; show_lightbox=&#8220;on&#8220; show_lightbox_gallery=&#8220;on&#8220; arrow_color=&#8220;#FFFFFF&#8220; arrow_background_color=&#8220;#000000&#8243; slide_to_show_tablet=&#8220;3&#8243; slide_to_show_phone=&#8220;2&#8243; slide_to_show_last_edited=&#8220;on|desktop&#8220; _builder_version=&#8220;4.16&#8243; _module_preset=&#8220;default&#8220; background_color=&#8220;RGBA(0,0,0,0)&#8220; locked=&#8220;off&#8220; global_colors_info=&#8220;{}&#8220;][\/dsm_image_carousel][\/et_pb_column][\/et_pb_row][\/et_pb_section][et_pb_section fb_built=&#8220;1&#8243; module_id=&#8220;next&#8220; _builder_version=&#8220;4.16&#8243; background_color=&#8220;#FFFFFF&#8220; background_enable_image=&#8220;off&#8220; background_size=&#8220;contain&#8220; background_position=&#8220;bottom_left&#8220; background_repeat=&#8220;repeat-x&#8220; custom_padding=&#8220;0px||0px||false|false&#8220; global_colors_info=&#8220;{}&#8220;][et_pb_row column_structure=&#8220;2_3,1_3&#8243; use_custom_gutter=&#8220;on&#8220; gutter_width=&#8220;1&#8243; make_equal=&#8220;on&#8220; _builder_version=&#8220;4.16&#8243; background_color=&#8220;#FFFFFF&#8220; custom_margin_tablet=&#8220;||||false|false&#8220; custom_margin_phone=&#8220;|0px||20px|false|false&#8220; custom_margin_last_edited=&#8220;on|tablet&#8220; custom_padding=&#8220;0px||0px||false|false&#8220; global_colors_info=&#8220;{%22gcid-0ed248c1-eb15-4424-954a-cbcb8467f2ad%22:%91%93}&#8220;][et_pb_column type=&#8220;2_3&#8243; _builder_version=&#8220;4.16&#8243; background_enable_color=&#8220;off&#8220; custom_padding=&#8220;|||&#8220; border_width_left=&#8220;1px&#8220; border_color_left=&#8220;#D8D8D8&#8243; border_width_left_tablet=&#8220;0px&#8220; border_width_left_phone=&#8220;&#8220; border_width_left_last_edited=&#8220;on|tablet&#8220; global_colors_info=&#8220;{%22gcid-0ed248c1-eb15-4424-954a-cbcb8467f2ad%22:%91%93}&#8220; custom_padding__hover=&#8220;|||&#8220;][et_pb_accordion open_toggle_text_color=&#8220;#000000&#8243; open_toggle_background_color=&#8220;rgba(0,0,0,0)&#8220; closed_toggle_background_color=&#8220;RGBA(0,0,0,0)&#8220; icon_color=&#8220;#000000&#8243; admin_label=&#8220;K\u00fcnstler \/ In&#8220; _builder_version=&#8220;4.16&#8243; toggle_font=&#8220;|600|||||||&#8220; toggle_text_align=&#8220;left&#8220; toggle_font_size=&#8220;22px&#8220; body_font=&#8220;||||||||&#8220; body_text_align=&#8220;left&#8220; body_text_color=&#8220;#888888&#8243; body_line_height=&#8220;1.5em&#8220; text_orientation=&#8220;left&#8220; width_last_edited=&#8220;off|desktop&#8220; custom_margin_tablet=&#8220;|0px||0px|false|false&#8220; custom_margin_phone=&#8220;|||0px|false|false&#8220; custom_margin_last_edited=&#8220;off|desktop&#8220; toggle_font_size_tablet=&#8220;22px&#8220; toggle_font_size_phone=&#8220;18px&#8220; toggle_font_size_last_edited=&#8220;on|desktop&#8220; toggle_line_height_tablet=&#8220;120%&#8220; toggle_line_height_phone=&#8220;&#8220; toggle_line_height_last_edited=&#8220;on|desktop&#8220; custom_css_main_element=&#8220;color: #dce7eb !important;&#8220; custom_css_toggle=&#8220;||padding: 0;||margin-bottom: 0 !important;&#8220; custom_css_toggle_title=&#8220;padding: 27px 0 27px 50px !important;&#8220; custom_css_toggle_icon=&#8220; font-size: 30px;|| right: auto;|| left: 0;&#8220; custom_css_toggle_content=&#8220; padding-left: 50px;|| padding-top: 0;|| margin-top: -6px;|| line-height: 170%;|| padding-right: 0.2vw;|| padding-bottom: 29px;&#8220; locked=&#8220;off&#8220; global_colors_info=&#8220;{}&#8220; closed_toggle_background_color__hover_enabled=&#8220;off|hover&#8220; icon_color__hover_enabled=&#8220;on|hover&#8220; icon_color__hover=&#8220;#9DA7CF&#8220; custom_margin__hover_enabled=&#8220;off|hover&#8220;][et_pb_accordion_item title=&#8220;Roland H\u00f6lderle \u2192 Assemblagen&#8220; open=&#8220;on&#8220; _builder_version=&#8220;4.16&#8243; background_size=&#8220;initial&#8220; background_position=&#8220;top_left&#8220; background_repeat=&#8220;repeat&#8220; text_orientation=&#8220;left&#8220; module_alignment=&#8220;left&#8220; custom_margin_tablet=&#8220;||||false|false&#8220; custom_margin_last_edited=&#8220;off|phone&#8220; custom_padding=&#8220;|20px||20px|false|false&#8220; custom_padding_tablet=&#8220;|0px||0px|false|false&#8220; custom_padding_phone=&#8220;&#8220; custom_padding_last_edited=&#8220;on|tablet&#8220; global_colors_info=&#8220;{}&#8220;]<\/p>\n<p><strong>\u00dcber den K\u00fcnstler<\/strong><\/p>\n<p>Roland H\u00f6lderle wurde 1955 in Neustadt\/Schwarzwald geboren.<\/p>\n<ul>\n<li>von 1970-1973<br \/>Ausbildung als Konditor in Steinen i. Wiesental<\/li>\n<li>bis 1984<br \/>besch\u00e4ftigt im elterlichen Betrieb<br \/>erste Ber\u00fchrungspunkte mit Kunst im Neust\u00e4dter Kunst und Kulturforum<br \/>zeitgleich eigene Erfahrungen mit naiver und sp\u00e4ter surrealistischer Malerei<\/li>\n<li>von 1985 -1987<br \/>Betreiber eines Kleinkunst-Kaffeehauses in Titisee-Neustadt<\/li>\n<li>1988<br \/>Umzug nach Freiburg<\/li>\n<li>ab 1993<br \/>regelm\u00e4\u00dfiges k\u00fcnstlerisches arbeiten auf Holz, Assemblagen, informelle Themen, Collagen<br \/>Zahlreiche Ausstellungen in der Regio und im nahen Ausland<\/li>\n<li>Heute<br \/>Reduzierung der Mittel auf Dispersionsfarbe, Lehm, Bitumen, S\u00e4gemehl, Acryl sowie Stoffe, Kartons, Metalle, Holz f\u00fcr plastische Arbeiten.<\/li>\n<\/ul>\n<p>Roland H\u00f6lderle lebt und arbeitet in Freiburg-Ebnet.<\/p>\n<p>&nbsp;<\/p>\n<p>[\/et_pb_accordion_item][\/et_pb_accordion][\/et_pb_column][et_pb_column type=&#8220;1_3&#8243; _builder_version=&#8220;4.16&#8243; background_enable_color=&#8220;off&#8220; custom_padding=&#8220;||||false|false&#8220; border_color_bottom=&#8220;#D8D8D8&#8243; border_width_left=&#8220;1px&#8220; border_color_left=&#8220;#D8D8D8&#8243; border_width_bottom_tablet=&#8220;0px&#8220; border_width_bottom_phone=&#8220;&#8220; border_width_bottom_last_edited=&#8220;on|tablet&#8220; border_width_left_tablet=&#8220;0px&#8220; border_width_left_phone=&#8220;&#8220; border_width_left_last_edited=&#8220;on|tablet&#8220; border_color_left_tablet=&#8220;&#8220; border_color_left_phone=&#8220;&#8220; border_color_left_last_edited=&#8220;on|tablet&#8220; global_colors_info=&#8220;{%22gcid-0ed248c1-eb15-4424-954a-cbcb8467f2ad%22:%91%93,%22gcid-96b88229-da64-4f14-afa5-f3d47a8141ef%22:%91%93}&#8220; custom_padding__hover=&#8220;|||&#8220;][et_pb_accordion open_toggle_text_color=&#8220;#000000&#8243; open_toggle_background_color=&#8220;rgba(0,0,0,0)&#8220; closed_toggle_background_color=&#8220;rgba(0,0,0,0)&#8220; icon_color=&#8220;#000000&#8243; admin_label=&#8220;Anschrift&#8220; _builder_version=&#8220;4.16&#8243; toggle_font=&#8220;|600|||||||&#8220; toggle_text_align=&#8220;left&#8220; toggle_font_size=&#8220;22px&#8220; body_font=&#8220;||||||||&#8220; body_text_align=&#8220;left&#8220; body_text_color=&#8220;#888888&#8243; body_line_height=&#8220;1.5em&#8220; text_orientation=&#8220;left&#8220; width_last_edited=&#8220;off|desktop&#8220; custom_margin_tablet=&#8220;|0px||0px|false|false&#8220; custom_margin_phone=&#8220;|||0px|false|false&#8220; custom_margin_last_edited=&#8220;off|desktop&#8220; toggle_font_size_tablet=&#8220;22px&#8220; toggle_font_size_phone=&#8220;18px&#8220; toggle_font_size_last_edited=&#8220;on|desktop&#8220; toggle_line_height_tablet=&#8220;120%&#8220; toggle_line_height_phone=&#8220;&#8220; toggle_line_height_last_edited=&#8220;on|desktop&#8220; custom_css_main_element=&#8220;color: #dce7eb !important;&#8220; custom_css_toggle=&#8220;||padding: 0;||margin-bottom: 0 !important;&#8220; custom_css_toggle_title=&#8220;padding: 27px 0 27px 50px !important;&#8220; custom_css_toggle_icon=&#8220; font-size: 30px;|| right: auto;|| left: 0;&#8220; custom_css_toggle_content=&#8220; padding-left: 50px;|| padding-top: 0;|| margin-top: -6px;|| line-height: 170%;|| padding-right: 0.2vw;|| padding-bottom: 29px;&#8220; locked=&#8220;off&#8220; global_colors_info=&#8220;{}&#8220; closed_toggle_background_color__hover_enabled=&#8220;off|hover&#8220; icon_color__hover_enabled=&#8220;on|hover&#8220; icon_color__hover=&#8220;#9DA7CF&#8220; custom_margin__hover_enabled=&#8220;off|hover&#8220;][et_pb_accordion_item title=&#8220;Kontakt&#8220; open=&#8220;on&#8220; _builder_version=&#8220;4.16&#8243; background_size=&#8220;initial&#8220; background_position=&#8220;top_left&#8220; background_repeat=&#8220;repeat&#8220; text_orientation=&#8220;left&#8220; module_alignment=&#8220;left&#8220; custom_margin_tablet=&#8220;||||false|false&#8220; custom_margin_last_edited=&#8220;off|phone&#8220; custom_padding=&#8220;|20px||20px|false|false&#8220; custom_padding_tablet=&#8220;|0px||0px|false|false&#8220; custom_padding_phone=&#8220;&#8220; custom_padding_last_edited=&#8220;on|tablet&#8220; global_colors_info=&#8220;{}&#8220;]<\/p>\n<p>Roland H\u00f6lderle<br \/>Freiburg-Ebnet<\/p>\n<p>Telefon: 0761-6965718<br \/>E-Mail: <a href=\"mailto:tableau221@aol.com\" target=\"_blank\" rel=\"noopener\">tableau221@aol.com<\/a><\/p>\n<p>[\/et_pb_accordion_item][\/et_pb_accordion][\/et_pb_column][\/et_pb_row][\/et_pb_section][et_pb_section fb_built=&#8220;1&#8243; fullwidth=&#8220;on&#8220; admin_label=&#8220;Header Section&#8220; _builder_version=&#8220;4.16&#8243; background_color=&#8220;#000000&#8243; custom_padding=&#8220;|||&#8220; locked=&#8220;off&#8220; global_colors_info=&#8220;{}&#8220;][et_pb_fullwidth_header title=&#8220;bisherige Ausstellungen&#8220; text_orientation=&#8220;center&#8220; background_overlay_color=&#8220;rgba(0,0,0,0.4)&#8220; content_max_width_last_edited=&#8220;off|desktop&#8220; admin_label=&#8220;Bild bisherige Ausstellungen&#8220; _builder_version=&#8220;4.16&#8243; title_font=&#8220;|600|||||||&#8220; title_text_align=&#8220;center&#8220; title_font_size=&#8220;80px&#8220; title_line_height=&#8220;1.2em&#8220; subhead_font=&#8220;Nunito|600|||||||&#8220; subhead_font_size=&#8220;20px&#8220; subhead_line_height=&#8220;1.9em&#8220; background_color=&#8220;rgba(255, 255, 255, 0)&#8220; background_image=&#8220;https:\/\/www.idr-freiburg.de\/content\/wp-content\/uploads\/2021\/05\/Ausstellung-jonny-caspari-KuudDjBHIlA-unsplash.jpg&#8220; background_position=&#8220;top_center&#8220; custom_button_one=&#8220;on&#8220; button_one_text_size=&#8220;15px&#8220; button_one_bg_color=&#8220;#dca57d&#8220; button_one_border_width=&#8220;10px&#8220; button_one_border_color=&#8220;#dca57d&#8220; button_one_border_radius=&#8220;0px&#8220; button_one_letter_spacing=&#8220;3px&#8220; button_one_font=&#8220;Oswald|||on|&#8220; button_one_use_icon=&#8220;off&#8220; custom_margin=&#8220;80px||||false|false&#8220; custom_margin_tablet=&#8220;40px||||false|false&#8220; custom_margin_phone=&#8220;20px||||false|false&#8220; custom_margin_last_edited=&#8220;on|phone&#8220; custom_padding=&#8220;10%||10%||false|false&#8220; animation_style=&#8220;fade&#8220; animation_starting_opacity=&#8220;50%&#8220; animation_speed_curve=&#8220;ease-in&#8220; title_font_size_tablet=&#8220;60px&#8220; title_font_size_phone=&#8220;40px&#8220; title_font_size_last_edited=&#8220;on|phone&#8220; button_one_border_color_hover=&#8220;#c99872&#8243; button_one_border_radius_hover=&#8220;0px&#8220; button_one_letter_spacing_hover=&#8220;3px&#8220; button_one_bg_color_hover=&#8220;#c99872&#8243; global_colors_info=&#8220;{}&#8220; button_one_text_size__hover_enabled=&#8220;off&#8220; button_two_text_size__hover_enabled=&#8220;off&#8220; button_one_text_color__hover_enabled=&#8220;off&#8220; button_two_text_color__hover_enabled=&#8220;off&#8220; button_one_border_width__hover_enabled=&#8220;off&#8220; button_two_border_width__hover_enabled=&#8220;off&#8220; button_one_border_color__hover_enabled=&#8220;on&#8220; button_one_border_color__hover=&#8220;#c99872&#8243; button_two_border_color__hover_enabled=&#8220;off&#8220; button_one_border_radius__hover_enabled=&#8220;on&#8220; button_one_border_radius__hover=&#8220;0px&#8220; button_two_border_radius__hover_enabled=&#8220;off&#8220; button_one_letter_spacing__hover_enabled=&#8220;on&#8220; button_one_letter_spacing__hover=&#8220;3px&#8220; button_two_letter_spacing__hover_enabled=&#8220;off&#8220; button_one_bg_color__hover_enabled=&#8220;on&#8220; button_one_bg_color__hover=&#8220;#c99872&#8243; button_two_bg_color__hover_enabled=&#8220;off&#8220;][\/et_pb_fullwidth_header][\/et_pb_section][et_pb_section fb_built=&#8220;1&#8243; admin_label=&#8220;Blog Section&#8220; _builder_version=&#8220;4.16&#8243; background_color=&#8220;gcid-96b88229-da64-4f14-afa5-f3d47a8141ef&#8220; custom_padding=&#8220;100px|0px|100px|&#8220; locked=&#8220;off&#8220; global_colors_info=&#8220;{%22gcid-96b88229-da64-4f14-afa5-f3d47a8141ef%22:%91%22background_color%22%93}&#8220;][et_pb_row _builder_version=&#8220;4.16&#8243; module_alignment=&#8220;center&#8220; custom_margin=&#8220;|0px||0px|false|false&#8220; custom_padding=&#8220;|0px||0px|false|false&#8220; global_colors_info=&#8220;{}&#8220;][et_pb_column type=&#8220;4_4&#8243; _builder_version=&#8220;4.16&#8243; custom_padding=&#8220;|||&#8220; global_colors_info=&#8220;{}&#8220; custom_padding__hover=&#8220;|||&#8220;][dsm_blog_carousel posts_number=&#8220;20&#8243; include_categories=&#8220;17&#8243; use_overlay=&#8220;on&#8220; overlay_icon=&#8220;&#xe006;||divi||400&#8243; overlay_icon_color=&#8220;#000000&#8243; overlay_icon_size=&#8220;48px&#8220; hover_overlay_color=&#8220;rgba(255,255,255,0.5)&#8220; use_excerpt=&#8220;off&#8220; use_date=&#8220;off&#8220; meta_date=&#8220;j. M Y&#8220; use_author=&#8220;off&#8220; columns=&#8220;5&#8243; centered_slides=&#8220;on&#8220; pause_on_hover=&#8220;on&#8220; use_pagi=&#8220;off&#8220; navi_color=&#8220;#FFFFFF&#8220; navi_background_color=&#8220;#000000&#8243; post_equal_height=&#8220;on&#8220; columns_tablet=&#8220;2&#8243; columns_phone=&#8220;1&#8243; columns_last_edited=&#8220;on|phone&#8220; _builder_version=&#8220;4.16&#8243; _module_preset=&#8220;default&#8220; border_width_all_navi_arrow=&#8220;6px&#8220; border_color_all_navi_arrow=&#8220;gcid-96b88229-da64-4f14-afa5-f3d47a8141ef&#8220; global_colors_info=&#8220;{%22gcid-96b88229-da64-4f14-afa5-f3d47a8141ef%22:%91%22border_color_all_navi_arrow%22%93}&#8220;][\/dsm_blog_carousel][\/et_pb_column][\/et_pb_row][\/et_pb_section]<\/p>\n","protected":false},"excerpt":{"rendered":"<p>AssemblagenEin k\u00fcnstlerischer R\u00fcckblick auf das Ausstellungsjahr 2019\/2020:Die Werke des K\u00fcnstlers Roland H\u00f6lderle wurden vom 1. Oktober 2019 bis 6. M\u00e4rz 2020 in unserer Praxis in der Gartenstra\u00dfe 28 in Freiburg pr\u00e4sentiert.<div class=\"et_pb_module dsm_image_carousel dsm_image_carousel_0 dsm_image_carousel_arrow_outside dsm_image_carousel_arrow_mobile_inside \">\n\t\t\t\t\n\t\t\t\t\n\t\t\t\t\n\t\t\t\t\n\t\t\t\t\n\t\t\t\t\n\t\t\t\t<div class=\"et_pb_module_inner\">\n\t\t\t\t\t<div class=\"swiper-container dsm_image_carousel_container  dsm_image_carousel_carousel\" dir=\"ltr\"data-effect=\"default\"\n\t\t\tdata-slider-effect-shadows=\"false\"\n\t\t\tdata-slider-effect-coverflow-rotate=\"30\"\n\t\t\tdata-slider-effect-coverflow-depth=\"0\"\n\t\t\tdata-loop=\"true\"\n\t\t\tdata-slide-to-show=\"3\"\n\t\t\tdata-slide-to-show-tablet=\"3\"\n\t\t\tdata-slide-to-show-phone=\"2\"\n\t\t\tdata-slide-to-scroll=\"1\"\n\t\t\tdata-slide-to-scroll-tablet=\"1\"\n\t\t\tdata-slide-to-scroll-phone=\"1\"\n\t\t\tdata-space-between=\"60\"\n\t\t\tdata-space-between-tablet=\"60\"\n\t\t\tdata-space-between-phone=\"60\"\n\t\t\tdata-slide-row=\"1\"\n\t\t\tdata-centered-slides=\"true\"\n\t\t\tdata-speed=\"7000\"\n\t\t\tdata-autoplay=\"true\"\n\t\t\tdata-autoplay-speed=\"5000\"\n\t\t\tdata-touch-move=\"false\"\n\t\t\tdata-grab=\"true\"\n\t\t\tdata-pause-on-hover=\"false\"\n\t\t\tdata-show-lightbox=\"true\"\n\t\t\tdata-lightbox-gallery=\"true\"\n\t\t\tdata-lightbox-caption=\"false\"\n\t\t\tdata-infinite-scrolling=\"false\"\n\t\t\tdata-slide-row-tablet=\"1\"\n\t\t\tdata-slide-row-phone=\"1\"\n\t\t\tdata-autoplay-viewport=80%\n\t\t\tdata-mousewheel=\"false\"\n\t\t\tdata-lazyload=\"false\"\n\t\t\tdata-type=\"carousel\"\n\t\t\tdata-slideshow-effect=\"default\"\n\t\t\tdata-slideshow-to-show=\"4\"\n\t\t\tdata-slideshow-to-show-tablet=\"4\"\n\t\t\tdata-slideshow-to-show-phone=\"\"\n\t\t\tdata-slider-orientation=\"horizontal\"\n\t\t\t\t\t\tdata-lightbox-title=\"false\"\n\n\t\t\t><div class=\"swiper-wrapper\"><div class=\"swiper-slide dsm_image_carousel_item\"><a class=\"dsm_image_carousel_lightbox\" href=\"https:\/\/www.idr-freiburg.de\/content\/wp-content\/uploads\/2019\/10\/Ausstellung-2019-Roland-Hoelderle_DSCN3192_WEB.jpg\" data-mfp-src=\"https:\/\/www.idr-freiburg.de\/content\/wp-content\/uploads\/2019\/10\/Ausstellung-2019-Roland-Hoelderle_DSCN3192_WEB.jpg\"><img loading=\"lazy\" decoding=\"async\" src=\"https:\/\/www.idr-freiburg.de\/content\/wp-content\/uploads\/2019\/10\/Ausstellung-2019-Roland-Hoelderle_DSCN3192_WEB.jpg\" alt=\"\" title=\"Ausstellung-2019-Roland-Hoelderle_DSCN3192_WEB\" width=\"630\" height=\"900\" data-dsm-image-description=\"\" srcset=\"https:\/\/www.idr-freiburg.de\/content\/wp-content\/uploads\/2019\/10\/Ausstellung-2019-Roland-Hoelderle_DSCN3192_WEB.jpg 630w, https:\/\/www.idr-freiburg.de\/content\/wp-content\/uploads\/2019\/10\/Ausstellung-2019-Roland-Hoelderle_DSCN3192_WEB-480x686.jpg 480w\" sizes=\"(min-width: 0px) and (max-width: 480px) 480px, (min-width: 481px) 630px, 100vw\" class=\" skip-lazy\" \/><\/a><\/div><div class=\"swiper-slide dsm_image_carousel_item\"><a class=\"dsm_image_carousel_lightbox\" href=\"https:\/\/www.idr-freiburg.de\/content\/wp-content\/uploads\/2019\/10\/Ausstellung-2019-Roland-Hoelderle_DSCN3345_WEB.jpg\" data-mfp-src=\"https:\/\/www.idr-freiburg.de\/content\/wp-content\/uploads\/2019\/10\/Ausstellung-2019-Roland-Hoelderle_DSCN3345_WEB.jpg\"><img loading=\"lazy\" decoding=\"async\" src=\"https:\/\/www.idr-freiburg.de\/content\/wp-content\/uploads\/2019\/10\/Ausstellung-2019-Roland-Hoelderle_DSCN3345_WEB.jpg\" alt=\"\" title=\"Ausstellung-2019-Roland-Hoelderle_DSCN3345_WEB\" width=\"1000\" height=\"722\" data-dsm-image-description=\"\" srcset=\"https:\/\/www.idr-freiburg.de\/content\/wp-content\/uploads\/2019\/10\/Ausstellung-2019-Roland-Hoelderle_DSCN3345_WEB.jpg 1000w, https:\/\/www.idr-freiburg.de\/content\/wp-content\/uploads\/2019\/10\/Ausstellung-2019-Roland-Hoelderle_DSCN3345_WEB-980x708.jpg 980w, https:\/\/www.idr-freiburg.de\/content\/wp-content\/uploads\/2019\/10\/Ausstellung-2019-Roland-Hoelderle_DSCN3345_WEB-480x347.jpg 480w\" sizes=\"(min-width: 0px) and (max-width: 480px) 480px, (min-width: 481px) and (max-width: 980px) 980px, (min-width: 981px) 1000px, 100vw\" class=\" skip-lazy\" \/><\/a><\/div><div class=\"swiper-slide dsm_image_carousel_item\"><a class=\"dsm_image_carousel_lightbox\" href=\"https:\/\/www.idr-freiburg.de\/content\/wp-content\/uploads\/2019\/10\/Ausstellung-2019-Roland-Hoelderle_DSCN3172_WEB.jpg\" data-mfp-src=\"https:\/\/www.idr-freiburg.de\/content\/wp-content\/uploads\/2019\/10\/Ausstellung-2019-Roland-Hoelderle_DSCN3172_WEB.jpg\"><img loading=\"lazy\" decoding=\"async\" src=\"https:\/\/www.idr-freiburg.de\/content\/wp-content\/uploads\/2019\/10\/Ausstellung-2019-Roland-Hoelderle_DSCN3172_WEB.jpg\" alt=\"\" title=\"Ausstellung-2019-Roland-Hoelderle_DSCN3172_WEB\" width=\"900\" height=\"900\" data-dsm-image-description=\"\" srcset=\"https:\/\/www.idr-freiburg.de\/content\/wp-content\/uploads\/2019\/10\/Ausstellung-2019-Roland-Hoelderle_DSCN3172_WEB.jpg 900w, https:\/\/www.idr-freiburg.de\/content\/wp-content\/uploads\/2019\/10\/Ausstellung-2019-Roland-Hoelderle_DSCN3172_WEB-480x480.jpg 480w\" sizes=\"(min-width: 0px) and (max-width: 480px) 480px, (min-width: 481px) 900px, 100vw\" class=\" skip-lazy\" \/><\/a><\/div><div class=\"swiper-slide dsm_image_carousel_item\"><a class=\"dsm_image_carousel_lightbox\" href=\"https:\/\/www.idr-freiburg.de\/content\/wp-content\/uploads\/2019\/10\/Ausstellung-2019-Roland-Hoelderle_DSCN3190_WEB.jpg\" data-mfp-src=\"https:\/\/www.idr-freiburg.de\/content\/wp-content\/uploads\/2019\/10\/Ausstellung-2019-Roland-Hoelderle_DSCN3190_WEB.jpg\"><img loading=\"lazy\" decoding=\"async\" src=\"https:\/\/www.idr-freiburg.de\/content\/wp-content\/uploads\/2019\/10\/Ausstellung-2019-Roland-Hoelderle_DSCN3190_WEB.jpg\" alt=\"\" title=\"Ausstellung-2019-Roland-Hoelderle_DSCN3190_WEB\" width=\"600\" height=\"1000\" data-dsm-image-description=\"\" srcset=\"https:\/\/www.idr-freiburg.de\/content\/wp-content\/uploads\/2019\/10\/Ausstellung-2019-Roland-Hoelderle_DSCN3190_WEB.jpg 600w, https:\/\/www.idr-freiburg.de\/content\/wp-content\/uploads\/2019\/10\/Ausstellung-2019-Roland-Hoelderle_DSCN3190_WEB-480x800.jpg 480w\" sizes=\"(min-width: 0px) and (max-width: 480px) 480px, (min-width: 481px) 600px, 100vw\" class=\" skip-lazy\" \/><\/a><\/div><div class=\"swiper-slide dsm_image_carousel_item\"><a class=\"dsm_image_carousel_lightbox\" href=\"https:\/\/www.idr-freiburg.de\/content\/wp-content\/uploads\/2019\/10\/Ausstellung-2019-Roland-Hoelderle_DSCN3165_WEB.jpg\" data-mfp-src=\"https:\/\/www.idr-freiburg.de\/content\/wp-content\/uploads\/2019\/10\/Ausstellung-2019-Roland-Hoelderle_DSCN3165_WEB.jpg\"><img loading=\"lazy\" decoding=\"async\" src=\"https:\/\/www.idr-freiburg.de\/content\/wp-content\/uploads\/2019\/10\/Ausstellung-2019-Roland-Hoelderle_DSCN3165_WEB.jpg\" alt=\"\" title=\"Ausstellung-2019-Roland-Hoelderle_DSCN3165_WEB\" width=\"1000\" height=\"678\" data-dsm-image-description=\"\" srcset=\"https:\/\/www.idr-freiburg.de\/content\/wp-content\/uploads\/2019\/10\/Ausstellung-2019-Roland-Hoelderle_DSCN3165_WEB.jpg 1000w, https:\/\/www.idr-freiburg.de\/content\/wp-content\/uploads\/2019\/10\/Ausstellung-2019-Roland-Hoelderle_DSCN3165_WEB-980x664.jpg 980w, https:\/\/www.idr-freiburg.de\/content\/wp-content\/uploads\/2019\/10\/Ausstellung-2019-Roland-Hoelderle_DSCN3165_WEB-480x325.jpg 480w\" sizes=\"(min-width: 0px) and (max-width: 480px) 480px, (min-width: 481px) and (max-width: 980px) 980px, (min-width: 981px) 1000px, 100vw\" class=\" skip-lazy\" \/><\/a><\/div><div class=\"swiper-slide dsm_image_carousel_item\"><a class=\"dsm_image_carousel_lightbox\" href=\"https:\/\/www.idr-freiburg.de\/content\/wp-content\/uploads\/2019\/10\/Ausstellung-2019-Roland-Hoelderle_DSCN0571_WEB.jpg\" data-mfp-src=\"https:\/\/www.idr-freiburg.de\/content\/wp-content\/uploads\/2019\/10\/Ausstellung-2019-Roland-Hoelderle_DSCN0571_WEB.jpg\"><img loading=\"lazy\" decoding=\"async\" src=\"https:\/\/www.idr-freiburg.de\/content\/wp-content\/uploads\/2019\/10\/Ausstellung-2019-Roland-Hoelderle_DSCN0571_WEB.jpg\" alt=\"\" title=\"Ausstellung-2019-Roland-Hoelderle_DSCN0571_WEB\" width=\"966\" height=\"800\" data-dsm-image-description=\"\" srcset=\"https:\/\/www.idr-freiburg.de\/content\/wp-content\/uploads\/2019\/10\/Ausstellung-2019-Roland-Hoelderle_DSCN0571_WEB.jpg 966w, https:\/\/www.idr-freiburg.de\/content\/wp-content\/uploads\/2019\/10\/Ausstellung-2019-Roland-Hoelderle_DSCN0571_WEB-480x398.jpg 480w\" sizes=\"(min-width: 0px) and (max-width: 480px) 480px, (min-width: 481px) 966px, 100vw\" class=\" skip-lazy\" \/><\/a><\/div><div class=\"swiper-slide dsm_image_carousel_item\"><a class=\"dsm_image_carousel_lightbox\" href=\"https:\/\/www.idr-freiburg.de\/content\/wp-content\/uploads\/2019\/10\/Ausstellung-2019-Roland-Hoelderle_019mB-K3_WEB.jpg\" data-mfp-src=\"https:\/\/www.idr-freiburg.de\/content\/wp-content\/uploads\/2019\/10\/Ausstellung-2019-Roland-Hoelderle_019mB-K3_WEB.jpg\"><img loading=\"lazy\" decoding=\"async\" src=\"https:\/\/www.idr-freiburg.de\/content\/wp-content\/uploads\/2019\/10\/Ausstellung-2019-Roland-Hoelderle_019mB-K3_WEB.jpg\" alt=\"\" title=\"Ausstellung-2019-Roland-Hoelderle_019mB-K3_WEB\" width=\"1200\" height=\"320\" data-dsm-image-description=\"\" srcset=\"https:\/\/www.idr-freiburg.de\/content\/wp-content\/uploads\/2019\/10\/Ausstellung-2019-Roland-Hoelderle_019mB-K3_WEB.jpg 1200w, https:\/\/www.idr-freiburg.de\/content\/wp-content\/uploads\/2019\/10\/Ausstellung-2019-Roland-Hoelderle_019mB-K3_WEB-980x261.jpg 980w, https:\/\/www.idr-freiburg.de\/content\/wp-content\/uploads\/2019\/10\/Ausstellung-2019-Roland-Hoelderle_019mB-K3_WEB-480x128.jpg 480w\" sizes=\"(min-width: 0px) and (max-width: 480px) 480px, (min-width: 481px) and (max-width: 980px) 980px, (min-width: 981px) 1200px, 100vw\" class=\" skip-lazy\" \/><\/a><\/div><div class=\"swiper-slide dsm_image_carousel_item\"><a class=\"dsm_image_carousel_lightbox\" href=\"https:\/\/www.idr-freiburg.de\/content\/wp-content\/uploads\/2019\/10\/Ausstellung-2019-Roland-Hoelderle_18HRXX-464_WEB.jpg\" data-mfp-src=\"https:\/\/www.idr-freiburg.de\/content\/wp-content\/uploads\/2019\/10\/Ausstellung-2019-Roland-Hoelderle_18HRXX-464_WEB.jpg\"><img loading=\"lazy\" decoding=\"async\" src=\"https:\/\/www.idr-freiburg.de\/content\/wp-content\/uploads\/2019\/10\/Ausstellung-2019-Roland-Hoelderle_18HRXX-464_WEB.jpg\" alt=\"\" title=\"Ausstellung-2019-Roland-Hoelderle_18HRXX-464_WEB\" width=\"720\" height=\"800\" data-dsm-image-description=\"\" srcset=\"https:\/\/www.idr-freiburg.de\/content\/wp-content\/uploads\/2019\/10\/Ausstellung-2019-Roland-Hoelderle_18HRXX-464_WEB.jpg 720w, https:\/\/www.idr-freiburg.de\/content\/wp-content\/uploads\/2019\/10\/Ausstellung-2019-Roland-Hoelderle_18HRXX-464_WEB-480x533.jpg 480w\" sizes=\"(min-width: 0px) and (max-width: 480px) 480px, (min-width: 481px) 720px, 100vw\" class=\" skip-lazy\" \/><\/a><\/div><\/div><\/div><div class=\"swiper-button-prev swiper-arrow-button\" data-icon=\"4\"><\/div><div class=\"swiper-button-next swiper-arrow-button\" data-icon=\"5\"><\/div>\n\t\t\t\t<\/div>\n\t\t\t<\/div>\u00dcber den K\u00fcnstler Roland H\u00f6lderle wurde 1955 in Neustadt\/Schwarzwald geboren. von 1970-1973Ausbildung als Konditor in Steinen i. Wiesental bis 1984besch\u00e4ftigt im elterlichen Betrieberste Ber\u00fchrungspunkte mit Kunst im Neust\u00e4dter Kunst und Kulturforumzeitgleich eigene Erfahrungen mit naiver und sp\u00e4ter surrealistischer Malerei von 1985 -1987Betreiber eines Kleinkunst-Kaffeehauses in Titisee-Neustadt 1988Umzug nach Freiburg ab 1993regelm\u00e4\u00dfiges k\u00fcnstlerisches arbeiten auf Holz, Assemblagen, informelle Themen, CollagenZahlreiche Ausstellungen in der Regio und im nahen Ausland HeuteReduzierung der Mittel auf Dispersionsfarbe, Lehm, Bitumen, S\u00e4gemehl, Acryl sowie Stoffe, Kartons, Metalle, Holz f\u00fcr plastische Arbeiten. Roland H\u00f6lderle lebt und arbeitet in Freiburg-Ebnet. &nbsp;Roland H\u00f6lderleFreiburg-Ebnet Telefon: 0761-6965718E-Mail: tableau221@aol.com<div class=\"et_pb_with_border et_pb_module dsm_blog_carousel dsm_blog_carousel_0\">\n\t\t\t\t\n\t\t\t\t\n\t\t\t\t\n\t\t\t\t\n\t\t\t\t\n\t\t\t\t\n\t\t\t\t<div class=\"et_pb_module_inner\">\n\t\t\t\t\t<div class=\"dsm-blog-carousel\" data-orientation='horizontal' data-loop='1' data-speed='500' data-columnsdesktop='5' data-columnsphone='1' data-columnstablet='2' data-autoplay='on' data-autoplayspeed='5000' data-ordernumber='0' data-spacing='30' data-spacingtablet='30' data-spacingphone='30' data-effect='default' data-effect-shadows='off' data-effect-coverflow-rotate='30' data-effect-coverflow-depth='100' data-centered='on' data-multi-row='off' data-row='1' data-rowstablet='1' data-rowsphone='1' data-pagi-button-style='bullets' data-pause-on-hover='on' data-touch-move='off' data-grab='on' data-mousewheel='off' data-autoplay-viewport='80%'>\n\t\t\t\t<div class=\"swiper-container dsm_blog_carousel_wrapper\" dir=\"ltr\">\n\t\t\t\t\t<div class=\"dsm-blog-carousel-wrapper swiper-wrapper\">\n\t\t\t\t\t\t\n\t\t\t\t<article class=\"dsm-blog-carousel-item swiper-slide\">\n\t\t\t\t\t<div class=\"dsm-grid-post-holder-inner\">\n\t\t\t\t\t\t\t\t\t\t\t\t\t<div class=\"dsm-entry-image\">\n\t\t\t\t\t\t\t\t\t\t\t\t\t\t\t\t\t<div class=\"dsm-entry-overlay fade-in\">\n\t\t\t\t\t\t\t\t\t\t\t\t\t\t\t\t\t\t\t\t\t<a href=\"https:\/\/www.idr-freiburg.de\/content\/2026\/02\/ingo-ulrich-raeume-aus-licht-malerei-zwischen-praesenz-und-vergaenglichkeit\/\">\n\t\t\t\t\t\t\t\t\t\t\t\t\t\t\t\t\t\t\t\t<span class=\"et-pb-icon et-pb-font-icon\">\n\t\t\t\t\t\t\t\t\t\t\t&#xe006;\t\t\t\t\t\t\t\t\t\t<\/span>\n\t\t\t\t\t\t\t\t\t\t\t\t\t\t\t\t\t\t\t\t<\/a>\n\t\t\t\t\t\t\t\t\t\t\t\t\t\t\t\t\t\t\t<\/div>\n\t\t\t\t\t\t\t\t\t\t\t\t\t\t\t\t<div class=\"dsm-entry-thumbnail\">\n\t\t\t\t\t\t\t\t\t\t\t\t\t\t\t\t\t\t\t<a href=\"https:\/\/www.idr-freiburg.de\/content\/2026\/02\/ingo-ulrich-raeume-aus-licht-malerei-zwischen-praesenz-und-vergaenglichkeit\/\">\n\t\t\t\t\t\t\t\t\t\t\t\t\t\t\t\t\t\t<img width=\"1080\" height=\"675\" src=\"https:\/\/www.idr-freiburg.de\/content\/wp-content\/uploads\/2026\/02\/Ingo-Urich-Buon-Giorno-Manarola-1150x900px-1080x675.jpg\" class=\"skip-lazy wp-post-image\" alt=\"Ingo Urich: Buongiorno Manarola (\u00d6l auf Leinwand, 40x50cm)\" decoding=\"async\" loading=\"lazy\" srcset=\"https:\/\/www.idr-freiburg.de\/content\/wp-content\/uploads\/2026\/02\/Ingo-Urich-Buon-Giorno-Manarola-1150x900px-1080x675.jpg 1080w, https:\/\/www.idr-freiburg.de\/content\/wp-content\/uploads\/2026\/02\/Ingo-Urich-Buon-Giorno-Manarola-1150x900px-980x767.jpg 980w, https:\/\/www.idr-freiburg.de\/content\/wp-content\/uploads\/2026\/02\/Ingo-Urich-Buon-Giorno-Manarola-1150x900px-480x376.jpg 480w\" sizes=\"(min-width: 0px) and (max-width: 480px) 480px, (min-width: 481px) and (max-width: 980px) 980px, (min-width: 981px) 1080px, 100vw\" \/>\t\t\t\t\t\t\t\t\t\t\t\t\t\t\t\t\t\t<\/a>\n\t\t\t\t\t\t\t\t\t\t\t\t\t\t\t\t\t<\/div>\n\t\t\t\t\t\t\t<\/div>\n\t\t\t\t\t\t\n\t\t\t\t\t\t<div class=\"dsm-entry-wrapper\">\n\t\t\t\t\t\t\t\t\t\t\t\t\t\t<header class=\"dsm-entry-header\">\n\t\t\t\t\t\t\t\t\t<h2 class=\"dsm-entry-title\">\n\t\t\t\t\t\t\t\t\t\t\t\t\t\t\t\t\t\t\t\t\t<a href=\"https:\/\/www.idr-freiburg.de\/content\/2026\/02\/ingo-ulrich-raeume-aus-licht-malerei-zwischen-praesenz-und-vergaenglichkeit\/\"><b>Ingo Ulrich<\/b> <br \/>R\u00e4ume aus Licht. Malerei zwischen Pr\u00e4senz und Verg\u00e4nglichkeit.<\/a>\n\t\t\t\t\t\t\t\t\t\t\t\t\t\t\t\t\t\t\t<\/h2>\n\t\t\t\t\t\t\t\t<\/header>\n\t\t\t\t\t\t\n\t\t\t\t\t\t\n\t\t\t\t\t\t\t\n\t\t\t\t\t\t\t\t\t\t\t\t\t\t\t\t\t\t\t\t\t<\/div>\n\t\t\t\t\t<\/div>\n\t\t\t\t<\/article>\n\n\t\t\t\t\n\t\t\t\t<article class=\"dsm-blog-carousel-item swiper-slide\">\n\t\t\t\t\t<div class=\"dsm-grid-post-holder-inner\">\n\t\t\t\t\t\t\t\t\t\t\t\t\t<div class=\"dsm-entry-image\">\n\t\t\t\t\t\t\t\t\t\t\t\t\t\t\t\t\t<div class=\"dsm-entry-overlay fade-in\">\n\t\t\t\t\t\t\t\t\t\t\t\t\t\t\t\t\t\t\t\t\t<a href=\"https:\/\/www.idr-freiburg.de\/content\/2025\/03\/anna-katharina-rintelen-take-your-playfulness-seriously\/\">\n\t\t\t\t\t\t\t\t\t\t\t\t\t\t\t\t\t\t\t\t<span class=\"et-pb-icon et-pb-font-icon\">\n\t\t\t\t\t\t\t\t\t\t\t&#xe006;\t\t\t\t\t\t\t\t\t\t<\/span>\n\t\t\t\t\t\t\t\t\t\t\t\t\t\t\t\t\t\t\t\t<\/a>\n\t\t\t\t\t\t\t\t\t\t\t\t\t\t\t\t\t\t\t<\/div>\n\t\t\t\t\t\t\t\t\t\t\t\t\t\t\t\t<div class=\"dsm-entry-thumbnail\">\n\t\t\t\t\t\t\t\t\t\t\t\t\t\t\t\t\t\t\t<a href=\"https:\/\/www.idr-freiburg.de\/content\/2025\/03\/anna-katharina-rintelen-take-your-playfulness-seriously\/\">\n\t\t\t\t\t\t\t\t\t\t\t\t\t\t\t\t\t\t<img width=\"1080\" height=\"675\" src=\"https:\/\/www.idr-freiburg.de\/content\/wp-content\/uploads\/2025\/03\/Anna-Katharina-Rintelen_2014_Ein-Tag-Am-Meer_100x100_Acryl-Pastell-auf-LW-1080x675.jpg\" class=\"skip-lazy wp-post-image\" alt=\"\" decoding=\"async\" loading=\"lazy\" srcset=\"https:\/\/www.idr-freiburg.de\/content\/wp-content\/uploads\/2025\/03\/Anna-Katharina-Rintelen_2014_Ein-Tag-Am-Meer_100x100_Acryl-Pastell-auf-LW-1080x675.jpg 1080w, https:\/\/www.idr-freiburg.de\/content\/wp-content\/uploads\/2025\/03\/Anna-Katharina-Rintelen_2014_Ein-Tag-Am-Meer_100x100_Acryl-Pastell-auf-LW-980x980.jpg 980w, https:\/\/www.idr-freiburg.de\/content\/wp-content\/uploads\/2025\/03\/Anna-Katharina-Rintelen_2014_Ein-Tag-Am-Meer_100x100_Acryl-Pastell-auf-LW-480x480.jpg 480w\" sizes=\"(min-width: 0px) and (max-width: 480px) 480px, (min-width: 481px) and (max-width: 980px) 980px, (min-width: 981px) 1080px, 100vw\" \/>\t\t\t\t\t\t\t\t\t\t\t\t\t\t\t\t\t\t<\/a>\n\t\t\t\t\t\t\t\t\t\t\t\t\t\t\t\t\t<\/div>\n\t\t\t\t\t\t\t<\/div>\n\t\t\t\t\t\t\n\t\t\t\t\t\t<div class=\"dsm-entry-wrapper\">\n\t\t\t\t\t\t\t\t\t\t\t\t\t\t<header class=\"dsm-entry-header\">\n\t\t\t\t\t\t\t\t\t<h2 class=\"dsm-entry-title\">\n\t\t\t\t\t\t\t\t\t\t\t\t\t\t\t\t\t\t\t\t\t<a href=\"https:\/\/www.idr-freiburg.de\/content\/2025\/03\/anna-katharina-rintelen-take-your-playfulness-seriously\/\"><b>Anna-Katharina Rintelen<\/b> <br \/>Take Your Playfulness Seriously.<\/a>\n\t\t\t\t\t\t\t\t\t\t\t\t\t\t\t\t\t\t\t<\/h2>\n\t\t\t\t\t\t\t\t<\/header>\n\t\t\t\t\t\t\n\t\t\t\t\t\t\n\t\t\t\t\t\t\t\n\t\t\t\t\t\t\t\t\t\t\t\t\t\t\t\t\t\t\t\t\t<\/div>\n\t\t\t\t\t<\/div>\n\t\t\t\t<\/article>\n\n\t\t\t\t\n\t\t\t\t<article class=\"dsm-blog-carousel-item swiper-slide\">\n\t\t\t\t\t<div class=\"dsm-grid-post-holder-inner\">\n\t\t\t\t\t\t\t\t\t\t\t\t\t<div class=\"dsm-entry-image\">\n\t\t\t\t\t\t\t\t\t\t\t\t\t\t\t\t\t<div class=\"dsm-entry-overlay fade-in\">\n\t\t\t\t\t\t\t\t\t\t\t\t\t\t\t\t\t\t\t\t\t<a href=\"https:\/\/www.idr-freiburg.de\/content\/2024\/09\/andrea-duerr-kraft-der-farben-2\/\">\n\t\t\t\t\t\t\t\t\t\t\t\t\t\t\t\t\t\t\t\t<span class=\"et-pb-icon et-pb-font-icon\">\n\t\t\t\t\t\t\t\t\t\t\t&#xe006;\t\t\t\t\t\t\t\t\t\t<\/span>\n\t\t\t\t\t\t\t\t\t\t\t\t\t\t\t\t\t\t\t\t<\/a>\n\t\t\t\t\t\t\t\t\t\t\t\t\t\t\t\t\t\t\t<\/div>\n\t\t\t\t\t\t\t\t\t\t\t\t\t\t\t\t<div class=\"dsm-entry-thumbnail\">\n\t\t\t\t\t\t\t\t\t\t\t\t\t\t\t\t\t\t\t<a href=\"https:\/\/www.idr-freiburg.de\/content\/2024\/09\/andrea-duerr-kraft-der-farben-2\/\">\n\t\t\t\t\t\t\t\t\t\t\t\t\t\t\t\t\t\t<img width=\"798\" height=\"675\" src=\"https:\/\/www.idr-freiburg.de\/content\/wp-content\/uploads\/2024\/09\/Ausstellung-2024-Andrea-Duerr-Zauberhafte-Fuelle-65x55cm.jpg\" class=\"skip-lazy wp-post-image\" alt=\"Ausstellung 2024 - Andrea D\u00fcrr: Zauberhafte F\u00fclle (65x55cm)\" decoding=\"async\" loading=\"lazy\" srcset=\"https:\/\/www.idr-freiburg.de\/content\/wp-content\/uploads\/2024\/09\/Ausstellung-2024-Andrea-Duerr-Zauberhafte-Fuelle-65x55cm.jpg 798w, https:\/\/www.idr-freiburg.de\/content\/wp-content\/uploads\/2024\/09\/Ausstellung-2024-Andrea-Duerr-Zauberhafte-Fuelle-65x55cm-480x406.jpg 480w\" sizes=\"(min-width: 0px) and (max-width: 480px) 480px, (min-width: 481px) 798px, 100vw\" \/>\t\t\t\t\t\t\t\t\t\t\t\t\t\t\t\t\t\t<\/a>\n\t\t\t\t\t\t\t\t\t\t\t\t\t\t\t\t\t<\/div>\n\t\t\t\t\t\t\t<\/div>\n\t\t\t\t\t\t\n\t\t\t\t\t\t<div class=\"dsm-entry-wrapper\">\n\t\t\t\t\t\t\t\t\t\t\t\t\t\t<header class=\"dsm-entry-header\">\n\t\t\t\t\t\t\t\t\t<h2 class=\"dsm-entry-title\">\n\t\t\t\t\t\t\t\t\t\t\t\t\t\t\t\t\t\t\t\t\t<a href=\"https:\/\/www.idr-freiburg.de\/content\/2024\/09\/andrea-duerr-kraft-der-farben-2\/\"><b>Andrea D\u00fcrr<\/b> <br \/>Zauberhafte F\u00fclle<\/a>\n\t\t\t\t\t\t\t\t\t\t\t\t\t\t\t\t\t\t\t<\/h2>\n\t\t\t\t\t\t\t\t<\/header>\n\t\t\t\t\t\t\n\t\t\t\t\t\t\n\t\t\t\t\t\t\t\n\t\t\t\t\t\t\t\t\t\t\t\t\t\t\t\t\t\t\t\t\t<\/div>\n\t\t\t\t\t<\/div>\n\t\t\t\t<\/article>\n\n\t\t\t\t\n\t\t\t\t<article class=\"dsm-blog-carousel-item swiper-slide\">\n\t\t\t\t\t<div class=\"dsm-grid-post-holder-inner\">\n\t\t\t\t\t\t\t\t\t\t\t\t\t<div class=\"dsm-entry-image\">\n\t\t\t\t\t\t\t\t\t\t\t\t\t\t\t\t\t<div class=\"dsm-entry-overlay fade-in\">\n\t\t\t\t\t\t\t\t\t\t\t\t\t\t\t\t\t\t\t\t\t<a href=\"https:\/\/www.idr-freiburg.de\/content\/2024\/02\/detlev-krueger-sperling-schoen-grell-und-abstrakt\/\">\n\t\t\t\t\t\t\t\t\t\t\t\t\t\t\t\t\t\t\t\t<span class=\"et-pb-icon et-pb-font-icon\">\n\t\t\t\t\t\t\t\t\t\t\t&#xe006;\t\t\t\t\t\t\t\t\t\t<\/span>\n\t\t\t\t\t\t\t\t\t\t\t\t\t\t\t\t\t\t\t\t<\/a>\n\t\t\t\t\t\t\t\t\t\t\t\t\t\t\t\t\t\t\t<\/div>\n\t\t\t\t\t\t\t\t\t\t\t\t\t\t\t\t<div class=\"dsm-entry-thumbnail\">\n\t\t\t\t\t\t\t\t\t\t\t\t\t\t\t\t\t\t\t<a href=\"https:\/\/www.idr-freiburg.de\/content\/2024\/02\/detlev-krueger-sperling-schoen-grell-und-abstrakt\/\">\n\t\t\t\t\t\t\t\t\t\t\t\t\t\t\t\t\t\t<img width=\"482\" height=\"675\" src=\"https:\/\/www.idr-freiburg.de\/content\/wp-content\/uploads\/2024\/02\/Krueger-Sperling-50x70-John-Lennon-Acryl-09-2022.jpg\" class=\"skip-lazy wp-post-image\" alt=\"Detlev Kr\u00fcger-Sperling, 50x70, John Lennon, Acryl (09-2022)\" decoding=\"async\" loading=\"lazy\" srcset=\"https:\/\/www.idr-freiburg.de\/content\/wp-content\/uploads\/2024\/02\/Krueger-Sperling-50x70-John-Lennon-Acryl-09-2022.jpg 482w, https:\/\/www.idr-freiburg.de\/content\/wp-content\/uploads\/2024\/02\/Krueger-Sperling-50x70-John-Lennon-Acryl-09-2022-480x672.jpg 480w\" sizes=\"(min-width: 0px) and (max-width: 480px) 480px, (min-width: 481px) 482px, 100vw\" \/>\t\t\t\t\t\t\t\t\t\t\t\t\t\t\t\t\t\t<\/a>\n\t\t\t\t\t\t\t\t\t\t\t\t\t\t\t\t\t<\/div>\n\t\t\t\t\t\t\t<\/div>\n\t\t\t\t\t\t\n\t\t\t\t\t\t<div class=\"dsm-entry-wrapper\">\n\t\t\t\t\t\t\t\t\t\t\t\t\t\t<header class=\"dsm-entry-header\">\n\t\t\t\t\t\t\t\t\t<h2 class=\"dsm-entry-title\">\n\t\t\t\t\t\t\t\t\t\t\t\t\t\t\t\t\t\t\t\t\t<a href=\"https:\/\/www.idr-freiburg.de\/content\/2024\/02\/detlev-krueger-sperling-schoen-grell-und-abstrakt\/\"><b>Detlev Kr\u00fcger-Sperling<\/b> <br>Sch\u00f6n, grell und abstrakt.<\/a>\n\t\t\t\t\t\t\t\t\t\t\t\t\t\t\t\t\t\t\t<\/h2>\n\t\t\t\t\t\t\t\t<\/header>\n\t\t\t\t\t\t\n\t\t\t\t\t\t\n\t\t\t\t\t\t\t\n\t\t\t\t\t\t\t\t\t\t\t\t\t\t\t\t\t\t\t\t\t<\/div>\n\t\t\t\t\t<\/div>\n\t\t\t\t<\/article>\n\n\t\t\t\t\n\t\t\t\t<article class=\"dsm-blog-carousel-item swiper-slide\">\n\t\t\t\t\t<div class=\"dsm-grid-post-holder-inner\">\n\t\t\t\t\t\t\t\t\t\t\t\t\t<div class=\"dsm-entry-image\">\n\t\t\t\t\t\t\t\t\t\t\t\t\t\t\t\t\t<div class=\"dsm-entry-overlay fade-in\">\n\t\t\t\t\t\t\t\t\t\t\t\t\t\t\t\t\t\t\t\t\t<a href=\"https:\/\/www.idr-freiburg.de\/content\/2023\/06\/dagny-brian-deger-kunst-die-befreit\/\">\n\t\t\t\t\t\t\t\t\t\t\t\t\t\t\t\t\t\t\t\t<span class=\"et-pb-icon et-pb-font-icon\">\n\t\t\t\t\t\t\t\t\t\t\t&#xe006;\t\t\t\t\t\t\t\t\t\t<\/span>\n\t\t\t\t\t\t\t\t\t\t\t\t\t\t\t\t\t\t\t\t<\/a>\n\t\t\t\t\t\t\t\t\t\t\t\t\t\t\t\t\t\t\t<\/div>\n\t\t\t\t\t\t\t\t\t\t\t\t\t\t\t\t<div class=\"dsm-entry-thumbnail\">\n\t\t\t\t\t\t\t\t\t\t\t\t\t\t\t\t\t\t\t<a href=\"https:\/\/www.idr-freiburg.de\/content\/2023\/06\/dagny-brian-deger-kunst-die-befreit\/\">\n\t\t\t\t\t\t\t\t\t\t\t\t\t\t\t\t\t\t<img width=\"1080\" height=\"675\" src=\"https:\/\/www.idr-freiburg.de\/content\/wp-content\/uploads\/2023\/06\/Dagny-Brian-Deger-IDR202306-6714-1200x1200-1-1080x675.jpg\" class=\"skip-lazy wp-post-image\" alt=\"\" decoding=\"async\" loading=\"lazy\" srcset=\"https:\/\/www.idr-freiburg.de\/content\/wp-content\/uploads\/2023\/06\/Dagny-Brian-Deger-IDR202306-6714-1200x1200-1-1080x675.jpg 1080w, https:\/\/www.idr-freiburg.de\/content\/wp-content\/uploads\/2023\/06\/Dagny-Brian-Deger-IDR202306-6714-1200x1200-1-980x980.jpg 980w, https:\/\/www.idr-freiburg.de\/content\/wp-content\/uploads\/2023\/06\/Dagny-Brian-Deger-IDR202306-6714-1200x1200-1-480x480.jpg 480w\" sizes=\"(min-width: 0px) and (max-width: 480px) 480px, (min-width: 481px) and (max-width: 980px) 980px, (min-width: 981px) 1080px, 100vw\" \/>\t\t\t\t\t\t\t\t\t\t\t\t\t\t\t\t\t\t<\/a>\n\t\t\t\t\t\t\t\t\t\t\t\t\t\t\t\t\t<\/div>\n\t\t\t\t\t\t\t<\/div>\n\t\t\t\t\t\t\n\t\t\t\t\t\t<div class=\"dsm-entry-wrapper\">\n\t\t\t\t\t\t\t\t\t\t\t\t\t\t<header class=\"dsm-entry-header\">\n\t\t\t\t\t\t\t\t\t<h2 class=\"dsm-entry-title\">\n\t\t\t\t\t\t\t\t\t\t\t\t\t\t\t\t\t\t\t\t\t<a href=\"https:\/\/www.idr-freiburg.de\/content\/2023\/06\/dagny-brian-deger-kunst-die-befreit\/\"><b>Dagny Brian-Deger<\/b> <br>Kunst, die befreit.<\/a>\n\t\t\t\t\t\t\t\t\t\t\t\t\t\t\t\t\t\t\t<\/h2>\n\t\t\t\t\t\t\t\t<\/header>\n\t\t\t\t\t\t\n\t\t\t\t\t\t\n\t\t\t\t\t\t\t\n\t\t\t\t\t\t\t\t\t\t\t\t\t\t\t\t\t\t\t\t\t<\/div>\n\t\t\t\t\t<\/div>\n\t\t\t\t<\/article>\n\n\t\t\t\t\n\t\t\t\t<article class=\"dsm-blog-carousel-item swiper-slide\">\n\t\t\t\t\t<div class=\"dsm-grid-post-holder-inner\">\n\t\t\t\t\t\t\t\t\t\t\t\t\t<div class=\"dsm-entry-image\">\n\t\t\t\t\t\t\t\t\t\t\t\t\t\t\t\t\t<div class=\"dsm-entry-overlay fade-in\">\n\t\t\t\t\t\t\t\t\t\t\t\t\t\t\t\t\t\t\t\t\t<a href=\"https:\/\/www.idr-freiburg.de\/content\/2023\/01\/ulli-obrecht-fotografische-malerei\/\">\n\t\t\t\t\t\t\t\t\t\t\t\t\t\t\t\t\t\t\t\t<span class=\"et-pb-icon et-pb-font-icon\">\n\t\t\t\t\t\t\t\t\t\t\t&#xe006;\t\t\t\t\t\t\t\t\t\t<\/span>\n\t\t\t\t\t\t\t\t\t\t\t\t\t\t\t\t\t\t\t\t<\/a>\n\t\t\t\t\t\t\t\t\t\t\t\t\t\t\t\t\t\t\t<\/div>\n\t\t\t\t\t\t\t\t\t\t\t\t\t\t\t\t<div class=\"dsm-entry-thumbnail\">\n\t\t\t\t\t\t\t\t\t\t\t\t\t\t\t\t\t\t\t<a href=\"https:\/\/www.idr-freiburg.de\/content\/2023\/01\/ulli-obrecht-fotografische-malerei\/\">\n\t\t\t\t\t\t\t\t\t\t\t\t\t\t\t\t\t\t<img width=\"1080\" height=\"675\" src=\"https:\/\/www.idr-freiburg.de\/content\/wp-content\/uploads\/2023\/01\/Ulli-Obrecht-Fotografische_Malerei_2301-202205-1080x675.jpg\" class=\"skip-lazy wp-post-image\" alt=\"\" decoding=\"async\" loading=\"lazy\" srcset=\"https:\/\/www.idr-freiburg.de\/content\/wp-content\/uploads\/2023\/01\/Ulli-Obrecht-Fotografische_Malerei_2301-202205-980x551.jpg 980w, https:\/\/www.idr-freiburg.de\/content\/wp-content\/uploads\/2023\/01\/Ulli-Obrecht-Fotografische_Malerei_2301-202205-480x270.jpg 480w\" sizes=\"(min-width: 0px) and (max-width: 480px) 480px, (min-width: 481px) and (max-width: 980px) 980px, (min-width: 981px) 1080px, 100vw\" \/>\t\t\t\t\t\t\t\t\t\t\t\t\t\t\t\t\t\t<\/a>\n\t\t\t\t\t\t\t\t\t\t\t\t\t\t\t\t\t<\/div>\n\t\t\t\t\t\t\t<\/div>\n\t\t\t\t\t\t\n\t\t\t\t\t\t<div class=\"dsm-entry-wrapper\">\n\t\t\t\t\t\t\t\t\t\t\t\t\t\t<header class=\"dsm-entry-header\">\n\t\t\t\t\t\t\t\t\t<h2 class=\"dsm-entry-title\">\n\t\t\t\t\t\t\t\t\t\t\t\t\t\t\t\t\t\t\t\t\t<a href=\"https:\/\/www.idr-freiburg.de\/content\/2023\/01\/ulli-obrecht-fotografische-malerei\/\"><b>Ulli Obrecht<\/b> <br>Fotografische Malerei<\/a>\n\t\t\t\t\t\t\t\t\t\t\t\t\t\t\t\t\t\t\t<\/h2>\n\t\t\t\t\t\t\t\t<\/header>\n\t\t\t\t\t\t\n\t\t\t\t\t\t\n\t\t\t\t\t\t\t\n\t\t\t\t\t\t\t\t\t\t\t\t\t\t\t\t\t\t\t\t\t<\/div>\n\t\t\t\t\t<\/div>\n\t\t\t\t<\/article>\n\n\t\t\t\t\n\t\t\t\t<article class=\"dsm-blog-carousel-item swiper-slide\">\n\t\t\t\t\t<div class=\"dsm-grid-post-holder-inner\">\n\t\t\t\t\t\t\t\t\t\t\t\t\t<div class=\"dsm-entry-image\">\n\t\t\t\t\t\t\t\t\t\t\t\t\t\t\t\t\t<div class=\"dsm-entry-overlay fade-in\">\n\t\t\t\t\t\t\t\t\t\t\t\t\t\t\t\t\t\t\t\t\t<a href=\"https:\/\/www.idr-freiburg.de\/content\/2022\/02\/silke-ziegert-menschsein\/\">\n\t\t\t\t\t\t\t\t\t\t\t\t\t\t\t\t\t\t\t\t<span class=\"et-pb-icon et-pb-font-icon\">\n\t\t\t\t\t\t\t\t\t\t\t&#xe006;\t\t\t\t\t\t\t\t\t\t<\/span>\n\t\t\t\t\t\t\t\t\t\t\t\t\t\t\t\t\t\t\t\t<\/a>\n\t\t\t\t\t\t\t\t\t\t\t\t\t\t\t\t\t\t\t<\/div>\n\t\t\t\t\t\t\t\t\t\t\t\t\t\t\t\t<div class=\"dsm-entry-thumbnail\">\n\t\t\t\t\t\t\t\t\t\t\t\t\t\t\t\t\t\t\t<a href=\"https:\/\/www.idr-freiburg.de\/content\/2022\/02\/silke-ziegert-menschsein\/\">\n\t\t\t\t\t\t\t\t\t\t\t\t\t\t\t\t\t\t<img width=\"1080\" height=\"675\" src=\"https:\/\/www.idr-freiburg.de\/content\/wp-content\/uploads\/2022\/02\/Silke-Ziegert-Gnade-Prospekt-Titelbild-110x80cm-1080x675.jpg\" class=\"skip-lazy wp-post-image\" alt=\"\" decoding=\"async\" loading=\"lazy\" srcset=\"https:\/\/www.idr-freiburg.de\/content\/wp-content\/uploads\/2022\/02\/Silke-Ziegert-Gnade-Prospekt-Titelbild-110x80cm-1080x675.jpg 1080w, https:\/\/www.idr-freiburg.de\/content\/wp-content\/uploads\/2022\/02\/Silke-Ziegert-Gnade-Prospekt-Titelbild-110x80cm-980x817.jpg 980w, https:\/\/www.idr-freiburg.de\/content\/wp-content\/uploads\/2022\/02\/Silke-Ziegert-Gnade-Prospekt-Titelbild-110x80cm-480x400.jpg 480w\" sizes=\"(min-width: 0px) and (max-width: 480px) 480px, (min-width: 481px) and (max-width: 980px) 980px, (min-width: 981px) 1080px, 100vw\" \/>\t\t\t\t\t\t\t\t\t\t\t\t\t\t\t\t\t\t<\/a>\n\t\t\t\t\t\t\t\t\t\t\t\t\t\t\t\t\t<\/div>\n\t\t\t\t\t\t\t<\/div>\n\t\t\t\t\t\t\n\t\t\t\t\t\t<div class=\"dsm-entry-wrapper\">\n\t\t\t\t\t\t\t\t\t\t\t\t\t\t<header class=\"dsm-entry-header\">\n\t\t\t\t\t\t\t\t\t<h2 class=\"dsm-entry-title\">\n\t\t\t\t\t\t\t\t\t\t\t\t\t\t\t\t\t\t\t\t\t<a href=\"https:\/\/www.idr-freiburg.de\/content\/2022\/02\/silke-ziegert-menschsein\/\"><b>Silke Ziegert<\/b> <br>MENSCHsein<\/a>\n\t\t\t\t\t\t\t\t\t\t\t\t\t\t\t\t\t\t\t<\/h2>\n\t\t\t\t\t\t\t\t<\/header>\n\t\t\t\t\t\t\n\t\t\t\t\t\t\n\t\t\t\t\t\t\t\n\t\t\t\t\t\t\t\t\t\t\t\t\t\t\t\t\t\t\t\t\t<\/div>\n\t\t\t\t\t<\/div>\n\t\t\t\t<\/article>\n\n\t\t\t\t\n\t\t\t\t<article class=\"dsm-blog-carousel-item swiper-slide\">\n\t\t\t\t\t<div class=\"dsm-grid-post-holder-inner\">\n\t\t\t\t\t\t\t\t\t\t\t\t\t<div class=\"dsm-entry-image\">\n\t\t\t\t\t\t\t\t\t\t\t\t\t\t\t\t\t<div class=\"dsm-entry-overlay fade-in\">\n\t\t\t\t\t\t\t\t\t\t\t\t\t\t\t\t\t\t\t\t\t<a href=\"https:\/\/www.idr-freiburg.de\/content\/2021\/04\/inge-wagner-impressionen-mit-froehlichen-farben\/\">\n\t\t\t\t\t\t\t\t\t\t\t\t\t\t\t\t\t\t\t\t<span class=\"et-pb-icon et-pb-font-icon\">\n\t\t\t\t\t\t\t\t\t\t\t&#xe006;\t\t\t\t\t\t\t\t\t\t<\/span>\n\t\t\t\t\t\t\t\t\t\t\t\t\t\t\t\t\t\t\t\t<\/a>\n\t\t\t\t\t\t\t\t\t\t\t\t\t\t\t\t\t\t\t<\/div>\n\t\t\t\t\t\t\t\t\t\t\t\t\t\t\t\t<div class=\"dsm-entry-thumbnail\">\n\t\t\t\t\t\t\t\t\t\t\t\t\t\t\t\t\t\t\t<a href=\"https:\/\/www.idr-freiburg.de\/content\/2021\/04\/inge-wagner-impressionen-mit-froehlichen-farben\/\">\n\t\t\t\t\t\t\t\t\t\t\t\t\t\t\t\t\t\t<img width=\"1080\" height=\"675\" src=\"https:\/\/www.idr-freiburg.de\/content\/wp-content\/uploads\/2021\/05\/Ausstellung-2021-Inge-Wagner-10-1080x675.jpg\" class=\"skip-lazy wp-post-image\" alt=\"\" decoding=\"async\" loading=\"lazy\" srcset=\"https:\/\/www.idr-freiburg.de\/content\/wp-content\/uploads\/2021\/05\/Ausstellung-2021-Inge-Wagner-10-1080x675.jpg 1080w, https:\/\/www.idr-freiburg.de\/content\/wp-content\/uploads\/2021\/05\/Ausstellung-2021-Inge-Wagner-10-980x980.jpg 980w, https:\/\/www.idr-freiburg.de\/content\/wp-content\/uploads\/2021\/05\/Ausstellung-2021-Inge-Wagner-10-480x480.jpg 480w\" sizes=\"(min-width: 0px) and (max-width: 480px) 480px, (min-width: 481px) and (max-width: 980px) 980px, (min-width: 981px) 1080px, 100vw\" \/>\t\t\t\t\t\t\t\t\t\t\t\t\t\t\t\t\t\t<\/a>\n\t\t\t\t\t\t\t\t\t\t\t\t\t\t\t\t\t<\/div>\n\t\t\t\t\t\t\t<\/div>\n\t\t\t\t\t\t\n\t\t\t\t\t\t<div class=\"dsm-entry-wrapper\">\n\t\t\t\t\t\t\t\t\t\t\t\t\t\t<header class=\"dsm-entry-header\">\n\t\t\t\t\t\t\t\t\t<h2 class=\"dsm-entry-title\">\n\t\t\t\t\t\t\t\t\t\t\t\t\t\t\t\t\t\t\t\t\t<a href=\"https:\/\/www.idr-freiburg.de\/content\/2021\/04\/inge-wagner-impressionen-mit-froehlichen-farben\/\"><b>Inge Wagner<\/b> <br>Impressionen mit fr\u00f6hlichen Farben<\/a>\n\t\t\t\t\t\t\t\t\t\t\t\t\t\t\t\t\t\t\t<\/h2>\n\t\t\t\t\t\t\t\t<\/header>\n\t\t\t\t\t\t\n\t\t\t\t\t\t\n\t\t\t\t\t\t\t\n\t\t\t\t\t\t\t\t\t\t\t\t\t\t\t\t\t\t\t\t\t<\/div>\n\t\t\t\t\t<\/div>\n\t\t\t\t<\/article>\n\n\t\t\t\t\n\t\t\t\t<article class=\"dsm-blog-carousel-item swiper-slide\">\n\t\t\t\t\t<div class=\"dsm-grid-post-holder-inner\">\n\t\t\t\t\t\t\t\t\t\t\t\t\t<div class=\"dsm-entry-image\">\n\t\t\t\t\t\t\t\t\t\t\t\t\t\t\t\t\t<div class=\"dsm-entry-overlay fade-in\">\n\t\t\t\t\t\t\t\t\t\t\t\t\t\t\t\t\t\t\t\t\t<a href=\"https:\/\/www.idr-freiburg.de\/content\/2020\/05\/andrea-duerr-kraft-der-farben\/\">\n\t\t\t\t\t\t\t\t\t\t\t\t\t\t\t\t\t\t\t\t<span class=\"et-pb-icon et-pb-font-icon\">\n\t\t\t\t\t\t\t\t\t\t\t&#xe006;\t\t\t\t\t\t\t\t\t\t<\/span>\n\t\t\t\t\t\t\t\t\t\t\t\t\t\t\t\t\t\t\t\t<\/a>\n\t\t\t\t\t\t\t\t\t\t\t\t\t\t\t\t\t\t\t<\/div>\n\t\t\t\t\t\t\t\t\t\t\t\t\t\t\t\t<div class=\"dsm-entry-thumbnail\">\n\t\t\t\t\t\t\t\t\t\t\t\t\t\t\t\t\t\t\t<a href=\"https:\/\/www.idr-freiburg.de\/content\/2020\/05\/andrea-duerr-kraft-der-farben\/\">\n\t\t\t\t\t\t\t\t\t\t\t\t\t\t\t\t\t\t<img width=\"675\" height=\"675\" src=\"https:\/\/www.idr-freiburg.de\/content\/wp-content\/uploads\/2021\/06\/Ausstellung-2020-Andrea-Duerr-Blaue-Bruecke-45x45-1.jpg\" class=\"skip-lazy wp-post-image\" alt=\"\" decoding=\"async\" loading=\"lazy\" srcset=\"https:\/\/www.idr-freiburg.de\/content\/wp-content\/uploads\/2021\/06\/Ausstellung-2020-Andrea-Duerr-Blaue-Bruecke-45x45-1.jpg 675w, https:\/\/www.idr-freiburg.de\/content\/wp-content\/uploads\/2021\/06\/Ausstellung-2020-Andrea-Duerr-Blaue-Bruecke-45x45-1-480x480.jpg 480w\" sizes=\"(min-width: 0px) and (max-width: 480px) 480px, (min-width: 481px) 675px, 100vw\" \/>\t\t\t\t\t\t\t\t\t\t\t\t\t\t\t\t\t\t<\/a>\n\t\t\t\t\t\t\t\t\t\t\t\t\t\t\t\t\t<\/div>\n\t\t\t\t\t\t\t<\/div>\n\t\t\t\t\t\t\n\t\t\t\t\t\t<div class=\"dsm-entry-wrapper\">\n\t\t\t\t\t\t\t\t\t\t\t\t\t\t<header class=\"dsm-entry-header\">\n\t\t\t\t\t\t\t\t\t<h2 class=\"dsm-entry-title\">\n\t\t\t\t\t\t\t\t\t\t\t\t\t\t\t\t\t\t\t\t\t<a href=\"https:\/\/www.idr-freiburg.de\/content\/2020\/05\/andrea-duerr-kraft-der-farben\/\"><b>Andrea D\u00fcrr<\/b> <br>Kraft der Farben<\/a>\n\t\t\t\t\t\t\t\t\t\t\t\t\t\t\t\t\t\t\t<\/h2>\n\t\t\t\t\t\t\t\t<\/header>\n\t\t\t\t\t\t\n\t\t\t\t\t\t\n\t\t\t\t\t\t\t\n\t\t\t\t\t\t\t\t\t\t\t\t\t\t\t\t\t\t\t\t\t<\/div>\n\t\t\t\t\t<\/div>\n\t\t\t\t<\/article>\n\n\t\t\t\t\n\t\t\t\t<article class=\"dsm-blog-carousel-item swiper-slide\">\n\t\t\t\t\t<div class=\"dsm-grid-post-holder-inner\">\n\t\t\t\t\t\t\t\t\t\t\t\t\t<div class=\"dsm-entry-image\">\n\t\t\t\t\t\t\t\t\t\t\t\t\t\t\t\t\t<div class=\"dsm-entry-overlay fade-in\">\n\t\t\t\t\t\t\t\t\t\t\t\t\t\t\t\t\t\t\t\t\t<a href=\"https:\/\/www.idr-freiburg.de\/content\/2020\/03\/brigitte-von-savigny-hanna-lehmann-zeichnungen-obskure-objekte-der-begierde\/\">\n\t\t\t\t\t\t\t\t\t\t\t\t\t\t\t\t\t\t\t\t<span class=\"et-pb-icon et-pb-font-icon\">\n\t\t\t\t\t\t\t\t\t\t\t&#xe006;\t\t\t\t\t\t\t\t\t\t<\/span>\n\t\t\t\t\t\t\t\t\t\t\t\t\t\t\t\t\t\t\t\t<\/a>\n\t\t\t\t\t\t\t\t\t\t\t\t\t\t\t\t\t\t\t<\/div>\n\t\t\t\t\t\t\t\t\t\t\t\t\t\t\t\t<div class=\"dsm-entry-thumbnail\">\n\t\t\t\t\t\t\t\t\t\t\t\t\t\t\t\t\t\t\t<a href=\"https:\/\/www.idr-freiburg.de\/content\/2020\/03\/brigitte-von-savigny-hanna-lehmann-zeichnungen-obskure-objekte-der-begierde\/\">\n\t\t\t\t\t\t\t\t\t\t\t\t\t\t\t\t\t\t<img width=\"675\" height=\"675\" src=\"https:\/\/www.idr-freiburg.de\/content\/wp-content\/uploads\/2020\/03\/Ausstellung-2020-LvH-Hanna-Lehmann-02-Objekt-der-Begierde.jpg\" class=\"skip-lazy wp-post-image\" alt=\"\" decoding=\"async\" loading=\"lazy\" srcset=\"https:\/\/www.idr-freiburg.de\/content\/wp-content\/uploads\/2020\/03\/Ausstellung-2020-LvH-Hanna-Lehmann-02-Objekt-der-Begierde.jpg 675w, https:\/\/www.idr-freiburg.de\/content\/wp-content\/uploads\/2020\/03\/Ausstellung-2020-LvH-Hanna-Lehmann-02-Objekt-der-Begierde-480x480.jpg 480w\" sizes=\"(min-width: 0px) and (max-width: 480px) 480px, (min-width: 481px) 675px, 100vw\" \/>\t\t\t\t\t\t\t\t\t\t\t\t\t\t\t\t\t\t<\/a>\n\t\t\t\t\t\t\t\t\t\t\t\t\t\t\t\t\t<\/div>\n\t\t\t\t\t\t\t<\/div>\n\t\t\t\t\t\t\n\t\t\t\t\t\t<div class=\"dsm-entry-wrapper\">\n\t\t\t\t\t\t\t\t\t\t\t\t\t\t<header class=\"dsm-entry-header\">\n\t\t\t\t\t\t\t\t\t<h2 class=\"dsm-entry-title\">\n\t\t\t\t\t\t\t\t\t\t\t\t\t\t\t\t\t\t\t\t\t<a href=\"https:\/\/www.idr-freiburg.de\/content\/2020\/03\/brigitte-von-savigny-hanna-lehmann-zeichnungen-obskure-objekte-der-begierde\/\"><b>Brigitte von Savigny \/ Hanna Lehmann<\/b> <br>Zeichnungen &#038; obskure Objekte der Begierde<\/a>\n\t\t\t\t\t\t\t\t\t\t\t\t\t\t\t\t\t\t\t<\/h2>\n\t\t\t\t\t\t\t\t<\/header>\n\t\t\t\t\t\t\n\t\t\t\t\t\t\n\t\t\t\t\t\t\t\n\t\t\t\t\t\t\t\t\t\t\t\t\t\t\t\t\t\t\t\t\t<\/div>\n\t\t\t\t\t<\/div>\n\t\t\t\t<\/article>\n\n\t\t\t\t\n\t\t\t\t<article class=\"dsm-blog-carousel-item swiper-slide\">\n\t\t\t\t\t<div class=\"dsm-grid-post-holder-inner\">\n\t\t\t\t\t\t\t\t\t\t\t\t\t<div class=\"dsm-entry-image\">\n\t\t\t\t\t\t\t\t\t\t\t\t\t\t\t\t\t<div class=\"dsm-entry-overlay fade-in\">\n\t\t\t\t\t\t\t\t\t\t\t\t\t\t\t\t\t\t\t\t\t<a href=\"https:\/\/www.idr-freiburg.de\/content\/2019\/10\/roland-hoelderle-assemblagen\/\">\n\t\t\t\t\t\t\t\t\t\t\t\t\t\t\t\t\t\t\t\t<span class=\"et-pb-icon et-pb-font-icon\">\n\t\t\t\t\t\t\t\t\t\t\t&#xe006;\t\t\t\t\t\t\t\t\t\t<\/span>\n\t\t\t\t\t\t\t\t\t\t\t\t\t\t\t\t\t\t\t\t<\/a>\n\t\t\t\t\t\t\t\t\t\t\t\t\t\t\t\t\t\t\t<\/div>\n\t\t\t\t\t\t\t\t\t\t\t\t\t\t\t\t<div class=\"dsm-entry-thumbnail\">\n\t\t\t\t\t\t\t\t\t\t\t\t\t\t\t\t\t\t\t<a href=\"https:\/\/www.idr-freiburg.de\/content\/2019\/10\/roland-hoelderle-assemblagen\/\">\n\t\t\t\t\t\t\t\t\t\t\t\t\t\t\t\t\t\t<img width=\"996\" height=\"675\" src=\"https:\/\/www.idr-freiburg.de\/content\/wp-content\/uploads\/2019\/10\/Ausstellung-2019-Roland-Hoelderle_DSCN3165_WEB.jpg\" class=\"skip-lazy wp-post-image\" alt=\"\" decoding=\"async\" loading=\"lazy\" srcset=\"https:\/\/www.idr-freiburg.de\/content\/wp-content\/uploads\/2019\/10\/Ausstellung-2019-Roland-Hoelderle_DSCN3165_WEB.jpg 996w, https:\/\/www.idr-freiburg.de\/content\/wp-content\/uploads\/2019\/10\/Ausstellung-2019-Roland-Hoelderle_DSCN3165_WEB-980x664.jpg 980w, https:\/\/www.idr-freiburg.de\/content\/wp-content\/uploads\/2019\/10\/Ausstellung-2019-Roland-Hoelderle_DSCN3165_WEB-480x325.jpg 480w\" sizes=\"(min-width: 0px) and (max-width: 480px) 480px, (min-width: 481px) and (max-width: 980px) 980px, (min-width: 981px) 996px, 100vw\" \/>\t\t\t\t\t\t\t\t\t\t\t\t\t\t\t\t\t\t<\/a>\n\t\t\t\t\t\t\t\t\t\t\t\t\t\t\t\t\t<\/div>\n\t\t\t\t\t\t\t<\/div>\n\t\t\t\t\t\t\n\t\t\t\t\t\t<div class=\"dsm-entry-wrapper\">\n\t\t\t\t\t\t\t\t\t\t\t\t\t\t<header class=\"dsm-entry-header\">\n\t\t\t\t\t\t\t\t\t<h2 class=\"dsm-entry-title\">\n\t\t\t\t\t\t\t\t\t\t\t\t\t\t\t\t\t\t\t\t\t<a href=\"https:\/\/www.idr-freiburg.de\/content\/2019\/10\/roland-hoelderle-assemblagen\/\"><b>Roland H\u00f6lderle<\/b> <br>Assemblagen<\/a>\n\t\t\t\t\t\t\t\t\t\t\t\t\t\t\t\t\t\t\t<\/h2>\n\t\t\t\t\t\t\t\t<\/header>\n\t\t\t\t\t\t\n\t\t\t\t\t\t\n\t\t\t\t\t\t\t\n\t\t\t\t\t\t\t\t\t\t\t\t\t\t\t\t\t\t\t\t\t<\/div>\n\t\t\t\t\t<\/div>\n\t\t\t\t<\/article>\n\n\t\t\t\t\n\t\t\t\t<article class=\"dsm-blog-carousel-item swiper-slide\">\n\t\t\t\t\t<div class=\"dsm-grid-post-holder-inner\">\n\t\t\t\t\t\t\t\t\t\t\t\t\t<div class=\"dsm-entry-image\">\n\t\t\t\t\t\t\t\t\t\t\t\t\t\t\t\t\t<div class=\"dsm-entry-overlay fade-in\">\n\t\t\t\t\t\t\t\t\t\t\t\t\t\t\t\t\t\t\t\t\t<a href=\"https:\/\/www.idr-freiburg.de\/content\/2019\/05\/4-kuenstlerinnen-querbeet\/\">\n\t\t\t\t\t\t\t\t\t\t\t\t\t\t\t\t\t\t\t\t<span class=\"et-pb-icon et-pb-font-icon\">\n\t\t\t\t\t\t\t\t\t\t\t&#xe006;\t\t\t\t\t\t\t\t\t\t<\/span>\n\t\t\t\t\t\t\t\t\t\t\t\t\t\t\t\t\t\t\t\t<\/a>\n\t\t\t\t\t\t\t\t\t\t\t\t\t\t\t\t\t\t\t<\/div>\n\t\t\t\t\t\t\t\t\t\t\t\t\t\t\t\t<div class=\"dsm-entry-thumbnail\">\n\t\t\t\t\t\t\t\t\t\t\t\t\t\t\t\t\t\t\t<a href=\"https:\/\/www.idr-freiburg.de\/content\/2019\/05\/4-kuenstlerinnen-querbeet\/\">\n\t\t\t\t\t\t\t\t\t\t\t\t\t\t\t\t\t\t<img width=\"506\" height=\"675\" src=\"https:\/\/www.idr-freiburg.de\/content\/wp-content\/uploads\/2021\/08\/Ausstellung-2019-Justine-Cow-La-grande-cornue.jpg\" class=\"skip-lazy wp-post-image\" alt=\"\" decoding=\"async\" loading=\"lazy\" srcset=\"https:\/\/www.idr-freiburg.de\/content\/wp-content\/uploads\/2021\/08\/Ausstellung-2019-Justine-Cow-La-grande-cornue.jpg 506w, https:\/\/www.idr-freiburg.de\/content\/wp-content\/uploads\/2021\/08\/Ausstellung-2019-Justine-Cow-La-grande-cornue-480x640.jpg 480w\" sizes=\"(min-width: 0px) and (max-width: 480px) 480px, (min-width: 481px) 506px, 100vw\" \/>\t\t\t\t\t\t\t\t\t\t\t\t\t\t\t\t\t\t<\/a>\n\t\t\t\t\t\t\t\t\t\t\t\t\t\t\t\t\t<\/div>\n\t\t\t\t\t\t\t<\/div>\n\t\t\t\t\t\t\n\t\t\t\t\t\t<div class=\"dsm-entry-wrapper\">\n\t\t\t\t\t\t\t\t\t\t\t\t\t\t<header class=\"dsm-entry-header\">\n\t\t\t\t\t\t\t\t\t<h2 class=\"dsm-entry-title\">\n\t\t\t\t\t\t\t\t\t\t\t\t\t\t\t\t\t\t\t\t\t<a href=\"https:\/\/www.idr-freiburg.de\/content\/2019\/05\/4-kuenstlerinnen-querbeet\/\"><b>4 K\u00fcnstlerinnen<\/b> <br>Querbeet<\/a>\n\t\t\t\t\t\t\t\t\t\t\t\t\t\t\t\t\t\t\t<\/h2>\n\t\t\t\t\t\t\t\t<\/header>\n\t\t\t\t\t\t\n\t\t\t\t\t\t\n\t\t\t\t\t\t\t\n\t\t\t\t\t\t\t\t\t\t\t\t\t\t\t\t\t\t\t\t\t<\/div>\n\t\t\t\t\t<\/div>\n\t\t\t\t<\/article>\n\n\t\t\t\t\n\t\t\t\t<article class=\"dsm-blog-carousel-item swiper-slide\">\n\t\t\t\t\t<div class=\"dsm-grid-post-holder-inner\">\n\t\t\t\t\t\t\t\t\t\t\t\t\t<div class=\"dsm-entry-image\">\n\t\t\t\t\t\t\t\t\t\t\t\t\t\t\t\t\t<div class=\"dsm-entry-overlay fade-in\">\n\t\t\t\t\t\t\t\t\t\t\t\t\t\t\t\t\t\t\t\t\t<a href=\"https:\/\/www.idr-freiburg.de\/content\/2018\/10\/kathrin-zier-blaugruen\/\">\n\t\t\t\t\t\t\t\t\t\t\t\t\t\t\t\t\t\t\t\t<span class=\"et-pb-icon et-pb-font-icon\">\n\t\t\t\t\t\t\t\t\t\t\t&#xe006;\t\t\t\t\t\t\t\t\t\t<\/span>\n\t\t\t\t\t\t\t\t\t\t\t\t\t\t\t\t\t\t\t\t<\/a>\n\t\t\t\t\t\t\t\t\t\t\t\t\t\t\t\t\t\t\t<\/div>\n\t\t\t\t\t\t\t\t\t\t\t\t\t\t\t\t<div class=\"dsm-entry-thumbnail\">\n\t\t\t\t\t\t\t\t\t\t\t\t\t\t\t\t\t\t\t<a href=\"https:\/\/www.idr-freiburg.de\/content\/2018\/10\/kathrin-zier-blaugruen\/\">\n\t\t\t\t\t\t\t\t\t\t\t\t\t\t\t\t\t\t<img width=\"480\" height=\"675\" src=\"https:\/\/www.idr-freiburg.de\/content\/wp-content\/uploads\/2021\/06\/Ausstellung-2019-Kathrin-Zier-100x70_0918-4.jpg\" class=\"skip-lazy wp-post-image\" alt=\"\" decoding=\"async\" loading=\"lazy\" \/>\t\t\t\t\t\t\t\t\t\t\t\t\t\t\t\t\t\t<\/a>\n\t\t\t\t\t\t\t\t\t\t\t\t\t\t\t\t\t<\/div>\n\t\t\t\t\t\t\t<\/div>\n\t\t\t\t\t\t\n\t\t\t\t\t\t<div class=\"dsm-entry-wrapper\">\n\t\t\t\t\t\t\t\t\t\t\t\t\t\t<header class=\"dsm-entry-header\">\n\t\t\t\t\t\t\t\t\t<h2 class=\"dsm-entry-title\">\n\t\t\t\t\t\t\t\t\t\t\t\t\t\t\t\t\t\t\t\t\t<a href=\"https:\/\/www.idr-freiburg.de\/content\/2018\/10\/kathrin-zier-blaugruen\/\"><b>Kathrin Zier<\/b> <br>Blaugr\u00fcn<\/a>\n\t\t\t\t\t\t\t\t\t\t\t\t\t\t\t\t\t\t\t<\/h2>\n\t\t\t\t\t\t\t\t<\/header>\n\t\t\t\t\t\t\n\t\t\t\t\t\t\n\t\t\t\t\t\t\t\n\t\t\t\t\t\t\t\t\t\t\t\t\t\t\t\t\t\t\t\t\t<\/div>\n\t\t\t\t\t<\/div>\n\t\t\t\t<\/article>\n\n\t\t\t\t\n\t\t\t\t<article class=\"dsm-blog-carousel-item swiper-slide\">\n\t\t\t\t\t<div class=\"dsm-grid-post-holder-inner\">\n\t\t\t\t\t\t\t\t\t\t\t\t\t<div class=\"dsm-entry-image\">\n\t\t\t\t\t\t\t\t\t\t\t\t\t\t\t\t\t<div class=\"dsm-entry-overlay fade-in\">\n\t\t\t\t\t\t\t\t\t\t\t\t\t\t\t\t\t\t\t\t\t<a href=\"https:\/\/www.idr-freiburg.de\/content\/2017\/02\/stefanie-bornhofen-aufbruch\/\">\n\t\t\t\t\t\t\t\t\t\t\t\t\t\t\t\t\t\t\t\t<span class=\"et-pb-icon et-pb-font-icon\">\n\t\t\t\t\t\t\t\t\t\t\t&#xe006;\t\t\t\t\t\t\t\t\t\t<\/span>\n\t\t\t\t\t\t\t\t\t\t\t\t\t\t\t\t\t\t\t\t<\/a>\n\t\t\t\t\t\t\t\t\t\t\t\t\t\t\t\t\t\t\t<\/div>\n\t\t\t\t\t\t\t\t\t\t\t\t\t\t\t\t<div class=\"dsm-entry-thumbnail\">\n\t\t\t\t\t\t\t\t\t\t\t\t\t\t\t\t\t\t\t<a href=\"https:\/\/www.idr-freiburg.de\/content\/2017\/02\/stefanie-bornhofen-aufbruch\/\">\n\t\t\t\t\t\t\t\t\t\t\t\t\t\t\t\t\t\t<img width=\"675\" height=\"675\" src=\"https:\/\/www.idr-freiburg.de\/content\/wp-content\/uploads\/2021\/06\/Ausstellung-2017-Stefanie-Bornhofen-30x30-ii.jpg\" class=\"skip-lazy wp-post-image\" alt=\"\" decoding=\"async\" loading=\"lazy\" srcset=\"https:\/\/www.idr-freiburg.de\/content\/wp-content\/uploads\/2021\/06\/Ausstellung-2017-Stefanie-Bornhofen-30x30-ii.jpg 675w, https:\/\/www.idr-freiburg.de\/content\/wp-content\/uploads\/2021\/06\/Ausstellung-2017-Stefanie-Bornhofen-30x30-ii-480x480.jpg 480w\" sizes=\"(min-width: 0px) and (max-width: 480px) 480px, (min-width: 481px) 675px, 100vw\" \/>\t\t\t\t\t\t\t\t\t\t\t\t\t\t\t\t\t\t<\/a>\n\t\t\t\t\t\t\t\t\t\t\t\t\t\t\t\t\t<\/div>\n\t\t\t\t\t\t\t<\/div>\n\t\t\t\t\t\t\n\t\t\t\t\t\t<div class=\"dsm-entry-wrapper\">\n\t\t\t\t\t\t\t\t\t\t\t\t\t\t<header class=\"dsm-entry-header\">\n\t\t\t\t\t\t\t\t\t<h2 class=\"dsm-entry-title\">\n\t\t\t\t\t\t\t\t\t\t\t\t\t\t\t\t\t\t\t\t\t<a href=\"https:\/\/www.idr-freiburg.de\/content\/2017\/02\/stefanie-bornhofen-aufbruch\/\"><b>Stefanie Bornhofen<\/b> <br>Aufbruch<\/a>\n\t\t\t\t\t\t\t\t\t\t\t\t\t\t\t\t\t\t\t<\/h2>\n\t\t\t\t\t\t\t\t<\/header>\n\t\t\t\t\t\t\n\t\t\t\t\t\t\n\t\t\t\t\t\t\t\n\t\t\t\t\t\t\t\t\t\t\t\t\t\t\t\t\t\t\t\t\t<\/div>\n\t\t\t\t\t<\/div>\n\t\t\t\t<\/article>\n\n\t\t\t\t\n\t\t\t\t<article class=\"dsm-blog-carousel-item swiper-slide\">\n\t\t\t\t\t<div class=\"dsm-grid-post-holder-inner\">\n\t\t\t\t\t\t\t\t\t\t\t\t\t<div class=\"dsm-entry-image\">\n\t\t\t\t\t\t\t\t\t\t\t\t\t\t\t\t\t<div class=\"dsm-entry-overlay fade-in\">\n\t\t\t\t\t\t\t\t\t\t\t\t\t\t\t\t\t\t\t\t\t<a href=\"https:\/\/www.idr-freiburg.de\/content\/2016\/08\/pia-rippmann-rueckblick\/\">\n\t\t\t\t\t\t\t\t\t\t\t\t\t\t\t\t\t\t\t\t<span class=\"et-pb-icon et-pb-font-icon\">\n\t\t\t\t\t\t\t\t\t\t\t&#xe006;\t\t\t\t\t\t\t\t\t\t<\/span>\n\t\t\t\t\t\t\t\t\t\t\t\t\t\t\t\t\t\t\t\t<\/a>\n\t\t\t\t\t\t\t\t\t\t\t\t\t\t\t\t\t\t\t<\/div>\n\t\t\t\t\t\t\t\t\t\t\t\t\t\t\t\t<div class=\"dsm-entry-thumbnail\">\n\t\t\t\t\t\t\t\t\t\t\t\t\t\t\t\t\t\t\t<a href=\"https:\/\/www.idr-freiburg.de\/content\/2016\/08\/pia-rippmann-rueckblick\/\">\n\t\t\t\t\t\t\t\t\t\t\t\t\t\t\t\t\t\t<img width=\"541\" height=\"675\" src=\"https:\/\/www.idr-freiburg.de\/content\/wp-content\/uploads\/2021\/08\/Ausstellung-2016-Pia-Rippman-DSCN3642.jpg\" class=\"skip-lazy wp-post-image\" alt=\"\" decoding=\"async\" loading=\"lazy\" srcset=\"https:\/\/www.idr-freiburg.de\/content\/wp-content\/uploads\/2021\/08\/Ausstellung-2016-Pia-Rippman-DSCN3642.jpg 541w, https:\/\/www.idr-freiburg.de\/content\/wp-content\/uploads\/2021\/08\/Ausstellung-2016-Pia-Rippman-DSCN3642-480x599.jpg 480w\" sizes=\"(min-width: 0px) and (max-width: 480px) 480px, (min-width: 481px) 541px, 100vw\" \/>\t\t\t\t\t\t\t\t\t\t\t\t\t\t\t\t\t\t<\/a>\n\t\t\t\t\t\t\t\t\t\t\t\t\t\t\t\t\t<\/div>\n\t\t\t\t\t\t\t<\/div>\n\t\t\t\t\t\t\n\t\t\t\t\t\t<div class=\"dsm-entry-wrapper\">\n\t\t\t\t\t\t\t\t\t\t\t\t\t\t<header class=\"dsm-entry-header\">\n\t\t\t\t\t\t\t\t\t<h2 class=\"dsm-entry-title\">\n\t\t\t\t\t\t\t\t\t\t\t\t\t\t\t\t\t\t\t\t\t<a href=\"https:\/\/www.idr-freiburg.de\/content\/2016\/08\/pia-rippmann-rueckblick\/\"><b>Pia Rippmann<\/b> <br>R\u00fcckblick<\/a>\n\t\t\t\t\t\t\t\t\t\t\t\t\t\t\t\t\t\t\t<\/h2>\n\t\t\t\t\t\t\t\t<\/header>\n\t\t\t\t\t\t\n\t\t\t\t\t\t\n\t\t\t\t\t\t\t\n\t\t\t\t\t\t\t\t\t\t\t\t\t\t\t\t\t\t\t\t\t<\/div>\n\t\t\t\t\t<\/div>\n\t\t\t\t<\/article>\n\n\t\t\t\t\n\t\t\t\t<article class=\"dsm-blog-carousel-item swiper-slide\">\n\t\t\t\t\t<div class=\"dsm-grid-post-holder-inner\">\n\t\t\t\t\t\t\t\t\t\t\t\t\t<div class=\"dsm-entry-image\">\n\t\t\t\t\t\t\t\t\t\t\t\t\t\t\t\t\t<div class=\"dsm-entry-overlay fade-in\">\n\t\t\t\t\t\t\t\t\t\t\t\t\t\t\t\t\t\t\t\t\t<a href=\"https:\/\/www.idr-freiburg.de\/content\/2016\/02\/heide-priesner-licht-und-dynamik\/\">\n\t\t\t\t\t\t\t\t\t\t\t\t\t\t\t\t\t\t\t\t<span class=\"et-pb-icon et-pb-font-icon\">\n\t\t\t\t\t\t\t\t\t\t\t&#xe006;\t\t\t\t\t\t\t\t\t\t<\/span>\n\t\t\t\t\t\t\t\t\t\t\t\t\t\t\t\t\t\t\t\t<\/a>\n\t\t\t\t\t\t\t\t\t\t\t\t\t\t\t\t\t\t\t<\/div>\n\t\t\t\t\t\t\t\t\t\t\t\t\t\t\t\t<div class=\"dsm-entry-thumbnail\">\n\t\t\t\t\t\t\t\t\t\t\t\t\t\t\t\t\t\t\t<a href=\"https:\/\/www.idr-freiburg.de\/content\/2016\/02\/heide-priesner-licht-und-dynamik\/\">\n\t\t\t\t\t\t\t\t\t\t\t\t\t\t\t\t\t\t<img width=\"675\" height=\"675\" src=\"https:\/\/www.idr-freiburg.de\/content\/wp-content\/uploads\/2016\/02\/Ausstellung-2016-Heide-Priesner-18.jpg\" class=\"skip-lazy wp-post-image\" alt=\"\" decoding=\"async\" loading=\"lazy\" srcset=\"https:\/\/www.idr-freiburg.de\/content\/wp-content\/uploads\/2016\/02\/Ausstellung-2016-Heide-Priesner-18.jpg 675w, https:\/\/www.idr-freiburg.de\/content\/wp-content\/uploads\/2016\/02\/Ausstellung-2016-Heide-Priesner-18-480x480.jpg 480w\" sizes=\"(min-width: 0px) and (max-width: 480px) 480px, (min-width: 481px) 675px, 100vw\" \/>\t\t\t\t\t\t\t\t\t\t\t\t\t\t\t\t\t\t<\/a>\n\t\t\t\t\t\t\t\t\t\t\t\t\t\t\t\t\t<\/div>\n\t\t\t\t\t\t\t<\/div>\n\t\t\t\t\t\t\n\t\t\t\t\t\t<div class=\"dsm-entry-wrapper\">\n\t\t\t\t\t\t\t\t\t\t\t\t\t\t<header class=\"dsm-entry-header\">\n\t\t\t\t\t\t\t\t\t<h2 class=\"dsm-entry-title\">\n\t\t\t\t\t\t\t\t\t\t\t\t\t\t\t\t\t\t\t\t\t<a href=\"https:\/\/www.idr-freiburg.de\/content\/2016\/02\/heide-priesner-licht-und-dynamik\/\"><b>Heide Priesner<\/b> <br>Licht und Dynamik<\/a>\n\t\t\t\t\t\t\t\t\t\t\t\t\t\t\t\t\t\t\t<\/h2>\n\t\t\t\t\t\t\t\t<\/header>\n\t\t\t\t\t\t\n\t\t\t\t\t\t\n\t\t\t\t\t\t\t\n\t\t\t\t\t\t\t\t\t\t\t\t\t\t\t\t\t\t\t\t\t<\/div>\n\t\t\t\t\t<\/div>\n\t\t\t\t<\/article>\n\n\t\t\t\t\n\t\t\t\t<article class=\"dsm-blog-carousel-item swiper-slide\">\n\t\t\t\t\t<div class=\"dsm-grid-post-holder-inner\">\n\t\t\t\t\t\t\t\t\t\t\t\t\t<div class=\"dsm-entry-image\">\n\t\t\t\t\t\t\t\t\t\t\t\t\t\t\t\t\t<div class=\"dsm-entry-overlay fade-in\">\n\t\t\t\t\t\t\t\t\t\t\t\t\t\t\t\t\t\t\t\t\t<a href=\"https:\/\/www.idr-freiburg.de\/content\/2015\/10\/monika-schiwy-jessen-sophie-maechler-quilts-und-collagen\/\">\n\t\t\t\t\t\t\t\t\t\t\t\t\t\t\t\t\t\t\t\t<span class=\"et-pb-icon et-pb-font-icon\">\n\t\t\t\t\t\t\t\t\t\t\t&#xe006;\t\t\t\t\t\t\t\t\t\t<\/span>\n\t\t\t\t\t\t\t\t\t\t\t\t\t\t\t\t\t\t\t\t<\/a>\n\t\t\t\t\t\t\t\t\t\t\t\t\t\t\t\t\t\t\t<\/div>\n\t\t\t\t\t\t\t\t\t\t\t\t\t\t\t\t<div class=\"dsm-entry-thumbnail\">\n\t\t\t\t\t\t\t\t\t\t\t\t\t\t\t\t\t\t\t<a href=\"https:\/\/www.idr-freiburg.de\/content\/2015\/10\/monika-schiwy-jessen-sophie-maechler-quilts-und-collagen\/\">\n\t\t\t\t\t\t\t\t\t\t\t\t\t\t\t\t\t\t<img width=\"1080\" height=\"675\" src=\"https:\/\/www.idr-freiburg.de\/content\/wp-content\/uploads\/2021\/06\/Ausstellung-2015-2019-Monika-Schiwy-Jessen-Streetart-Detail-1080x675.jpg\" class=\"skip-lazy wp-post-image\" alt=\"\" decoding=\"async\" loading=\"lazy\" srcset=\"https:\/\/www.idr-freiburg.de\/content\/wp-content\/uploads\/2021\/06\/Ausstellung-2015-2019-Monika-Schiwy-Jessen-Streetart-Detail-980x735.jpg 980w, https:\/\/www.idr-freiburg.de\/content\/wp-content\/uploads\/2021\/06\/Ausstellung-2015-2019-Monika-Schiwy-Jessen-Streetart-Detail-480x360.jpg 480w\" sizes=\"(min-width: 0px) and (max-width: 480px) 480px, (min-width: 481px) and (max-width: 980px) 980px, (min-width: 981px) 1080px, 100vw\" \/>\t\t\t\t\t\t\t\t\t\t\t\t\t\t\t\t\t\t<\/a>\n\t\t\t\t\t\t\t\t\t\t\t\t\t\t\t\t\t<\/div>\n\t\t\t\t\t\t\t<\/div>\n\t\t\t\t\t\t\n\t\t\t\t\t\t<div class=\"dsm-entry-wrapper\">\n\t\t\t\t\t\t\t\t\t\t\t\t\t\t<header class=\"dsm-entry-header\">\n\t\t\t\t\t\t\t\t\t<h2 class=\"dsm-entry-title\">\n\t\t\t\t\t\t\t\t\t\t\t\t\t\t\t\t\t\t\t\t\t<a href=\"https:\/\/www.idr-freiburg.de\/content\/2015\/10\/monika-schiwy-jessen-sophie-maechler-quilts-und-collagen\/\"><b>Monika Schiwy-Jessen \/ Sophie Maechler<\/b> <br>Quilts und Collagen<\/a>\n\t\t\t\t\t\t\t\t\t\t\t\t\t\t\t\t\t\t\t<\/h2>\n\t\t\t\t\t\t\t\t<\/header>\n\t\t\t\t\t\t\n\t\t\t\t\t\t\n\t\t\t\t\t\t\t\n\t\t\t\t\t\t\t\t\t\t\t\t\t\t\t\t\t\t\t\t\t<\/div>\n\t\t\t\t\t<\/div>\n\t\t\t\t<\/article>\n\n\t\t\t\t\n\t\t\t\t<article class=\"dsm-blog-carousel-item swiper-slide\">\n\t\t\t\t\t<div class=\"dsm-grid-post-holder-inner\">\n\t\t\t\t\t\t\t\t\t\t\t\t\t<div class=\"dsm-entry-image\">\n\t\t\t\t\t\t\t\t\t\t\t\t\t\t\t\t\t<div class=\"dsm-entry-overlay fade-in\">\n\t\t\t\t\t\t\t\t\t\t\t\t\t\t\t\t\t\t\t\t\t<a href=\"https:\/\/www.idr-freiburg.de\/content\/2015\/05\/gerlinde-hartmann-perspektiven-des-alltags\/\">\n\t\t\t\t\t\t\t\t\t\t\t\t\t\t\t\t\t\t\t\t<span class=\"et-pb-icon et-pb-font-icon\">\n\t\t\t\t\t\t\t\t\t\t\t&#xe006;\t\t\t\t\t\t\t\t\t\t<\/span>\n\t\t\t\t\t\t\t\t\t\t\t\t\t\t\t\t\t\t\t\t<\/a>\n\t\t\t\t\t\t\t\t\t\t\t\t\t\t\t\t\t\t\t<\/div>\n\t\t\t\t\t\t\t\t\t\t\t\t\t\t\t\t<div class=\"dsm-entry-thumbnail\">\n\t\t\t\t\t\t\t\t\t\t\t\t\t\t\t\t\t\t\t<a href=\"https:\/\/www.idr-freiburg.de\/content\/2015\/05\/gerlinde-hartmann-perspektiven-des-alltags\/\">\n\t\t\t\t\t\t\t\t\t\t\t\t\t\t\t\t\t\t<img width=\"1080\" height=\"675\" src=\"https:\/\/www.idr-freiburg.de\/content\/wp-content\/uploads\/2021\/06\/Ausstellung-2015-Gerlinde-Hartmann-Marktgemuese-1080x675.jpg\" class=\"skip-lazy wp-post-image\" alt=\"\" decoding=\"async\" loading=\"lazy\" srcset=\"https:\/\/www.idr-freiburg.de\/content\/wp-content\/uploads\/2021\/06\/Ausstellung-2015-Gerlinde-Hartmann-Marktgemuese-1080x675.jpg 1080w, https:\/\/www.idr-freiburg.de\/content\/wp-content\/uploads\/2021\/06\/Ausstellung-2015-Gerlinde-Hartmann-Marktgemuese-980x777.jpg 980w, https:\/\/www.idr-freiburg.de\/content\/wp-content\/uploads\/2021\/06\/Ausstellung-2015-Gerlinde-Hartmann-Marktgemuese-480x381.jpg 480w\" sizes=\"(min-width: 0px) and (max-width: 480px) 480px, (min-width: 481px) and (max-width: 980px) 980px, (min-width: 981px) 1080px, 100vw\" \/>\t\t\t\t\t\t\t\t\t\t\t\t\t\t\t\t\t\t<\/a>\n\t\t\t\t\t\t\t\t\t\t\t\t\t\t\t\t\t<\/div>\n\t\t\t\t\t\t\t<\/div>\n\t\t\t\t\t\t\n\t\t\t\t\t\t<div class=\"dsm-entry-wrapper\">\n\t\t\t\t\t\t\t\t\t\t\t\t\t\t<header class=\"dsm-entry-header\">\n\t\t\t\t\t\t\t\t\t<h2 class=\"dsm-entry-title\">\n\t\t\t\t\t\t\t\t\t\t\t\t\t\t\t\t\t\t\t\t\t<a href=\"https:\/\/www.idr-freiburg.de\/content\/2015\/05\/gerlinde-hartmann-perspektiven-des-alltags\/\"><b>Gerlinde Hartmann<\/b> <br>Perspektiven des Alltags<\/a>\n\t\t\t\t\t\t\t\t\t\t\t\t\t\t\t\t\t\t\t<\/h2>\n\t\t\t\t\t\t\t\t<\/header>\n\t\t\t\t\t\t\n\t\t\t\t\t\t\n\t\t\t\t\t\t\t\n\t\t\t\t\t\t\t\t\t\t\t\t\t\t\t\t\t\t\t\t\t<\/div>\n\t\t\t\t\t<\/div>\n\t\t\t\t<\/article>\n\n\t\t\t\t\n\t\t\t\t<article class=\"dsm-blog-carousel-item swiper-slide\">\n\t\t\t\t\t<div class=\"dsm-grid-post-holder-inner\">\n\t\t\t\t\t\t\t\t\t\t\t\t\t<div class=\"dsm-entry-image\">\n\t\t\t\t\t\t\t\t\t\t\t\t\t\t\t\t\t<div class=\"dsm-entry-overlay fade-in\">\n\t\t\t\t\t\t\t\t\t\t\t\t\t\t\t\t\t\t\t\t\t<a href=\"https:\/\/www.idr-freiburg.de\/content\/2015\/05\/eva-gruenwald-perspektiven-des-alltags\/\">\n\t\t\t\t\t\t\t\t\t\t\t\t\t\t\t\t\t\t\t\t<span class=\"et-pb-icon et-pb-font-icon\">\n\t\t\t\t\t\t\t\t\t\t\t&#xe006;\t\t\t\t\t\t\t\t\t\t<\/span>\n\t\t\t\t\t\t\t\t\t\t\t\t\t\t\t\t\t\t\t\t<\/a>\n\t\t\t\t\t\t\t\t\t\t\t\t\t\t\t\t\t\t\t<\/div>\n\t\t\t\t\t\t\t\t\t\t\t\t\t\t\t\t<div class=\"dsm-entry-thumbnail\">\n\t\t\t\t\t\t\t\t\t\t\t\t\t\t\t\t\t\t\t<a href=\"https:\/\/www.idr-freiburg.de\/content\/2015\/05\/eva-gruenwald-perspektiven-des-alltags\/\">\n\t\t\t\t\t\t\t\t\t\t\t\t\t\t\t\t\t\t<img width=\"1080\" height=\"675\" src=\"https:\/\/www.idr-freiburg.de\/content\/wp-content\/uploads\/2021\/06\/Ausstellung-2015-Gruenwald-Berg-1080x675.jpg\" class=\"skip-lazy wp-post-image\" alt=\"\" decoding=\"async\" loading=\"lazy\" srcset=\"https:\/\/www.idr-freiburg.de\/content\/wp-content\/uploads\/2021\/06\/Ausstellung-2015-Gruenwald-Berg-1080x675.jpg 1080w, https:\/\/www.idr-freiburg.de\/content\/wp-content\/uploads\/2021\/06\/Ausstellung-2015-Gruenwald-Berg-980x831.jpg 980w, https:\/\/www.idr-freiburg.de\/content\/wp-content\/uploads\/2021\/06\/Ausstellung-2015-Gruenwald-Berg-480x407.jpg 480w\" sizes=\"(min-width: 0px) and (max-width: 480px) 480px, (min-width: 481px) and (max-width: 980px) 980px, (min-width: 981px) 1080px, 100vw\" \/>\t\t\t\t\t\t\t\t\t\t\t\t\t\t\t\t\t\t<\/a>\n\t\t\t\t\t\t\t\t\t\t\t\t\t\t\t\t\t<\/div>\n\t\t\t\t\t\t\t<\/div>\n\t\t\t\t\t\t\n\t\t\t\t\t\t<div class=\"dsm-entry-wrapper\">\n\t\t\t\t\t\t\t\t\t\t\t\t\t\t<header class=\"dsm-entry-header\">\n\t\t\t\t\t\t\t\t\t<h2 class=\"dsm-entry-title\">\n\t\t\t\t\t\t\t\t\t\t\t\t\t\t\t\t\t\t\t\t\t<a href=\"https:\/\/www.idr-freiburg.de\/content\/2015\/05\/eva-gruenwald-perspektiven-des-alltags\/\"><b>Eva Gr\u00fcnwald<\/b> <br>Perspektiven des Alltags<\/a>\n\t\t\t\t\t\t\t\t\t\t\t\t\t\t\t\t\t\t\t<\/h2>\n\t\t\t\t\t\t\t\t<\/header>\n\t\t\t\t\t\t\n\t\t\t\t\t\t\n\t\t\t\t\t\t\t\n\t\t\t\t\t\t\t\t\t\t\t\t\t\t\t\t\t\t\t\t\t<\/div>\n\t\t\t\t\t<\/div>\n\t\t\t\t<\/article>\n\n\t\t\t\t\n\t\t\t\t<article class=\"dsm-blog-carousel-item swiper-slide\">\n\t\t\t\t\t<div class=\"dsm-grid-post-holder-inner\">\n\t\t\t\t\t\t\t\t\t\t\t\t\t<div class=\"dsm-entry-image\">\n\t\t\t\t\t\t\t\t\t\t\t\t\t\t\t\t\t<div class=\"dsm-entry-overlay fade-in\">\n\t\t\t\t\t\t\t\t\t\t\t\t\t\t\t\t\t\t\t\t\t<a href=\"https:\/\/www.idr-freiburg.de\/content\/2014\/09\/verona-zehelein-gedankenschatten\/\">\n\t\t\t\t\t\t\t\t\t\t\t\t\t\t\t\t\t\t\t\t<span class=\"et-pb-icon et-pb-font-icon\">\n\t\t\t\t\t\t\t\t\t\t\t&#xe006;\t\t\t\t\t\t\t\t\t\t<\/span>\n\t\t\t\t\t\t\t\t\t\t\t\t\t\t\t\t\t\t\t\t<\/a>\n\t\t\t\t\t\t\t\t\t\t\t\t\t\t\t\t\t\t\t<\/div>\n\t\t\t\t\t\t\t\t\t\t\t\t\t\t\t\t<div class=\"dsm-entry-thumbnail\">\n\t\t\t\t\t\t\t\t\t\t\t\t\t\t\t\t\t\t\t<a href=\"https:\/\/www.idr-freiburg.de\/content\/2014\/09\/verona-zehelein-gedankenschatten\/\">\n\t\t\t\t\t\t\t\t\t\t\t\t\t\t\t\t\t\t<img width=\"675\" height=\"675\" src=\"https:\/\/www.idr-freiburg.de\/content\/wp-content\/uploads\/2021\/06\/Wasserglas-zehelein.jpg\" class=\"skip-lazy wp-post-image\" alt=\"\" decoding=\"async\" loading=\"lazy\" srcset=\"https:\/\/www.idr-freiburg.de\/content\/wp-content\/uploads\/2021\/06\/Wasserglas-zehelein.jpg 675w, https:\/\/www.idr-freiburg.de\/content\/wp-content\/uploads\/2021\/06\/Wasserglas-zehelein-480x480.jpg 480w\" sizes=\"(min-width: 0px) and (max-width: 480px) 480px, (min-width: 481px) 675px, 100vw\" \/>\t\t\t\t\t\t\t\t\t\t\t\t\t\t\t\t\t\t<\/a>\n\t\t\t\t\t\t\t\t\t\t\t\t\t\t\t\t\t<\/div>\n\t\t\t\t\t\t\t<\/div>\n\t\t\t\t\t\t\n\t\t\t\t\t\t<div class=\"dsm-entry-wrapper\">\n\t\t\t\t\t\t\t\t\t\t\t\t\t\t<header class=\"dsm-entry-header\">\n\t\t\t\t\t\t\t\t\t<h2 class=\"dsm-entry-title\">\n\t\t\t\t\t\t\t\t\t\t\t\t\t\t\t\t\t\t\t\t\t<a href=\"https:\/\/www.idr-freiburg.de\/content\/2014\/09\/verona-zehelein-gedankenschatten\/\"><b>Verona Zehelein<\/b> <br>Gedankenschatten<\/a>\n\t\t\t\t\t\t\t\t\t\t\t\t\t\t\t\t\t\t\t<\/h2>\n\t\t\t\t\t\t\t\t<\/header>\n\t\t\t\t\t\t\n\t\t\t\t\t\t\n\t\t\t\t\t\t\t\n\t\t\t\t\t\t\t\t\t\t\t\t\t\t\t\t\t\t\t\t\t<\/div>\n\t\t\t\t\t<\/div>\n\t\t\t\t<\/article>\n\n\t\t\t\t\n\t\t\t\t\t<\/div>\n\t\t\t\t<\/div>\n\t\t\t\t<div class=\"swiper-button-next swiper-arrow-button dsm-arrow-button-next0\" data-icon=5><\/div>\n\t\t\t\t<div class=\"swiper-button-prev swiper-arrow-button dsm-arrow-button-prev0\" data-icon=4><\/div>\n\t\t\t\t<div class=\"swiper-container-horizontal\">\n\t\t\t\t\t\n\t\t\t\t<\/div>\n\t\t\t<\/div>\n\t\t\t\t<\/div>\n\t\t\t<\/div><\/p>\n","protected":false},"author":2,"featured_media":225904,"comment_status":"open","ping_status":"open","sticky":false,"template":"","format":"standard","meta":{"_et_pb_use_builder":"on","_et_pb_old_content":"","_et_gb_content_width":"","footnotes":""},"categories":[17],"tags":[],"class_list":["post-225898","post","type-post","status-publish","format-standard","has-post-thumbnail","hentry","category-ausstellungen"],"_links":{"self":[{"href":"https:\/\/www.idr-freiburg.de\/content\/wp-json\/wp\/v2\/posts\/225898","targetHints":{"allow":["GET"]}}],"collection":[{"href":"https:\/\/www.idr-freiburg.de\/content\/wp-json\/wp\/v2\/posts"}],"about":[{"href":"https:\/\/www.idr-freiburg.de\/content\/wp-json\/wp\/v2\/types\/post"}],"author":[{"embeddable":true,"href":"https:\/\/www.idr-freiburg.de\/content\/wp-json\/wp\/v2\/users\/2"}],"replies":[{"embeddable":true,"href":"https:\/\/www.idr-freiburg.de\/content\/wp-json\/wp\/v2\/comments?post=225898"}],"version-history":[{"count":0,"href":"https:\/\/www.idr-freiburg.de\/content\/wp-json\/wp\/v2\/posts\/225898\/revisions"}],"wp:featuredmedia":[{"embeddable":true,"href":"https:\/\/www.idr-freiburg.de\/content\/wp-json\/wp\/v2\/media\/225904"}],"wp:attachment":[{"href":"https:\/\/www.idr-freiburg.de\/content\/wp-json\/wp\/v2\/media?parent=225898"}],"wp:term":[{"taxonomy":"category","embeddable":true,"href":"https:\/\/www.idr-freiburg.de\/content\/wp-json\/wp\/v2\/categories?post=225898"},{"taxonomy":"post_tag","embeddable":true,"href":"https:\/\/www.idr-freiburg.de\/content\/wp-json\/wp\/v2\/tags?post=225898"}],"curies":[{"name":"wp","href":"https:\/\/api.w.org\/{rel}","templated":true}]}}