{"id":225778,"date":"2015-05-26T09:52:21","date_gmt":"2015-05-26T07:52:21","guid":{"rendered":"https:\/\/www.idr-freiburg.de\/content\/?p=225778"},"modified":"2024-03-01T09:54:20","modified_gmt":"2024-03-01T08:54:20","slug":"eva-gruenwald-perspektiven-des-alltags","status":"publish","type":"post","link":"https:\/\/www.idr-freiburg.de\/content\/2015\/05\/eva-gruenwald-perspektiven-des-alltags\/","title":{"rendered":"<b>Eva Gr\u00fcnwald<\/b> <br>Perspektiven des Alltags"},"content":{"rendered":"<p>[et_pb_section fb_built=&#8220;1&#8243; fullwidth=&#8220;on&#8220; admin_label=&#8220;Header Section&#8220; _builder_version=&#8220;4.16&#8243; background_color=&#8220;#000000&#8243; background_enable_image=&#8220;off&#8220; background_blend=&#8220;multiply&#8220; custom_margin=&#8220;0px||||false|false&#8220; custom_padding=&#8220;0px||||false|false&#8220; global_colors_info=&#8220;{}&#8220;][et_pb_fullwidth_header title=&#8220;Eva Gr\u00fcnwald&#8220; subhead=&#8220;R\u00fcckblick: 26.05.2015 \u2013 25.09.2015&#8243; text_orientation=&#8220;center&#8220; header_fullscreen=&#8220;on&#8220; header_scroll_down=&#8220;on&#8220; scroll_down_icon=&#8220;%%0%%&#8220; scroll_down_icon_color=&#8220;#ffffff&#8220; background_overlay_color=&#8220;rgba(0,0,0,0.4)&#8220; content_max_width_last_edited=&#8220;off|desktop&#8220; admin_label=&#8220;TXT \/ K\u00fcnstler-Name&#8220; _builder_version=&#8220;4.24.2&#8243; title_font=&#8220;|600|||||||&#8220; title_text_align=&#8220;center&#8220; title_font_size=&#8220;80px&#8220; title_line_height=&#8220;1.5em&#8220; subhead_font=&#8220;|700|||||||&#8220; subhead_font_size=&#8220;25px&#8220; subhead_line_height=&#8220;1.9em&#8220; background_color=&#8220;rgba(255, 255, 255, 0)&#8220; background_image=&#8220;https:\/\/www.idr-freiburg.de\/content\/wp-content\/uploads\/2021\/05\/laura-davidson-QBAH4IldaZY-unsplash-2.jpg&#8220; background_size=&#8220;initial&#8220; background_position=&#8220;bottom_center&#8220; custom_button_one=&#8220;on&#8220; button_one_text_size=&#8220;15px&#8220; button_one_bg_color=&#8220;#dca57d&#8220; button_one_border_width=&#8220;10px&#8220; button_one_border_color=&#8220;#dca57d&#8220; button_one_border_radius=&#8220;0px&#8220; button_one_letter_spacing=&#8220;3px&#8220; button_one_font=&#8220;Oswald|||on|&#8220; button_one_use_icon=&#8220;off&#8220; filter_saturate=&#8220;20%&#8220; animation_style=&#8220;fade&#8220; animation_starting_opacity=&#8220;50%&#8220; animation_speed_curve=&#8220;ease-in&#8220; hover_enabled=&#8220;0&#8243; title_font_size_tablet=&#8220;60px&#8220; title_font_size_phone=&#8220;40px&#8220; title_font_size_last_edited=&#8220;on|tablet&#8220; button_one_border_color_hover=&#8220;#c99872&#8243; button_one_border_radius_hover=&#8220;0px&#8220; button_one_letter_spacing_hover=&#8220;3px&#8220; button_one_bg_color_hover=&#8220;#c99872&#8243; global_colors_info=&#8220;{}&#8220; button_one_text_size__hover_enabled=&#8220;off&#8220; button_two_text_size__hover_enabled=&#8220;off&#8220; button_one_text_color__hover_enabled=&#8220;off&#8220; button_two_text_color__hover_enabled=&#8220;off&#8220; button_one_border_width__hover_enabled=&#8220;off&#8220; button_two_border_width__hover_enabled=&#8220;off&#8220; button_one_border_color__hover_enabled=&#8220;on&#8220; button_one_border_color__hover=&#8220;#c99872&#8243; button_two_border_color__hover_enabled=&#8220;off&#8220; button_one_border_radius__hover_enabled=&#8220;on&#8220; button_one_border_radius__hover=&#8220;0px&#8220; button_two_border_radius__hover_enabled=&#8220;off&#8220; button_one_letter_spacing__hover_enabled=&#8220;on&#8220; button_one_letter_spacing__hover=&#8220;3px&#8220; button_two_letter_spacing__hover_enabled=&#8220;off&#8220; button_one_bg_color__hover_enabled=&#8220;on&#8220; button_one_bg_color__hover=&#8220;#c99872&#8243; button_two_bg_color__hover_enabled=&#8220;off&#8220; sticky_enabled=&#8220;0&#8243;][\/et_pb_fullwidth_header][\/et_pb_section][et_pb_section fb_built=&#8220;1&#8243; custom_padding_last_edited=&#8220;on|phone&#8220; admin_label=&#8220;Section&#8220; _builder_version=&#8220;4.16&#8243; background_enable_image=&#8220;off&#8220; custom_margin=&#8220;||||false|false&#8220; custom_padding=&#8220;60px||0px||false|false&#8220; custom_padding_tablet=&#8220;40px||0px||false|false&#8220; custom_padding_phone=&#8220;30px||||false|false&#8220; global_colors_info=&#8220;{}&#8220;][et_pb_row custom_padding_last_edited=&#8220;on|tablet&#8220; admin_label=&#8220;Section Header&#8220; _builder_version=&#8220;4.16&#8243; module_alignment=&#8220;center&#8220; custom_padding=&#8220;40px|0px|40px|0px&#8220; custom_padding_tablet=&#8220;40px|0px||0px|false|false&#8220; custom_padding_phone=&#8220;&#8220; global_colors_info=&#8220;{}&#8220;][et_pb_column type=&#8220;4_4&#8243; _builder_version=&#8220;4.16&#8243; custom_padding=&#8220;|||&#8220; global_colors_info=&#8220;{}&#8220; custom_padding__hover=&#8220;|||&#8220;][et_pb_text admin_label=&#8220;Titel Ausstellung&#8220; _builder_version=&#8220;4.16&#8243; text_font=&#8220;Nunito||||||||&#8220; text_line_height=&#8220;1.8em&#8220; header_font=&#8220;||||||||&#8220; header_2_font=&#8220;||||||||&#8220; header_2_text_align=&#8220;center&#8220; header_2_font_size=&#8220;40px&#8220; header_2_letter_spacing=&#8220;1px&#8220; header_2_line_height=&#8220;1.5em&#8220; header_3_font=&#8220;||||||||&#8220; max_width=&#8220;600px&#8220; max_width_last_edited=&#8220;off|desktop&#8220; module_alignment=&#8220;center&#8220; custom_margin=&#8220;|||&#8220; header_font_size_tablet=&#8220;&#8220; header_font_size_phone=&#8220;&#8220; header_font_size_last_edited=&#8220;on|phone&#8220; header_2_font_size_tablet=&#8220;35px&#8220; header_2_font_size_phone=&#8220;30px&#8220; header_2_font_size_last_edited=&#8220;on|phone&#8220; global_colors_info=&#8220;{}&#8220;]<\/p>\n<h2>Perspektiven des Alltags<\/h2>\n<p>[\/et_pb_text][et_pb_text disabled_on=&#8220;off|off|off&#8220; admin_label=&#8220;Subtittle&#8220; _builder_version=&#8220;4.24.2&#8243; text_font=&#8220;||||||||&#8220; text_line_height=&#8220;1.8em&#8220; header_font=&#8220;Oswald||||&#8220; header_font_size=&#8220;16px&#8220; header_letter_spacing=&#8220;2px&#8220; text_orientation=&#8220;center&#8220; max_width=&#8220;630px&#8220; max_width_tablet=&#8220;&#8220; max_width_phone=&#8220;&#8220; max_width_last_edited=&#8220;on|phone&#8220; module_alignment=&#8220;center&#8220; custom_margin=&#8220;-30px|||&#8220; custom_padding_tablet=&#8220;&#8220; custom_padding_phone=&#8220;20px||||false|false&#8220; custom_padding_last_edited=&#8220;on|phone&#8220; hover_enabled=&#8220;0&#8243; text_font_size_tablet=&#8220;&#8220; text_font_size_phone=&#8220;&#8220; text_font_size_last_edited=&#8220;on|phone&#8220; text_line_height_tablet=&#8220;&#8220; text_line_height_phone=&#8220;1.6em&#8220; text_line_height_last_edited=&#8220;on|tablet&#8220; global_colors_info=&#8220;{}&#8220; sticky_enabled=&#8220;0&#8243;]<\/p>\n<p>Die malerische Wiedergabe des Allt\u00e4glichen (und manchmal auch Banalen), bewirkt eine gewisse Distanz und kann den Betrachter anregen, sich die Frage nach seiner Sicht auf diese Dinge zu stellen.<\/p>\n<p>Ein k\u00fcnstlerischer R\u00fcckblick auf das Ausstellungsjahr 2015:<br \/>Die Werke der <strong>K\u00fcnstlerin Gerlinde Hartmann<\/strong> wurden vom 6. Mai 2015 bis 25. September 2015 in unserer Praxis in der Gartenstra\u00dfe 28 in Freiburg pr\u00e4sentiert.<\/p>\n<p>[\/et_pb_text][\/et_pb_column][\/et_pb_row][et_pb_row use_custom_gutter=&#8220;on&#8220; gutter_width=&#8220;2&#8243; custom_padding_last_edited=&#8220;on|phone&#8220; admin_label=&#8220;Section&#8220; _builder_version=&#8220;4.16&#8243; background_color=&#8220;RGBA(0,0,0,0)&#8220; custom_margin=&#8220;|||&#8220; custom_padding=&#8220;60px|0px|0px|0px|false|false&#8220; custom_padding_tablet=&#8220;0px|0px|0px|0px|false|false&#8220; custom_padding_phone=&#8220;&#8220; global_colors_info=&#8220;{}&#8220;][et_pb_column type=&#8220;4_4&#8243; _builder_version=&#8220;4.16&#8243; custom_padding=&#8220;|||&#8220; global_colors_info=&#8220;{}&#8220; custom_padding__hover=&#8220;|||&#8220;][dsm_image_carousel gallery_ids=&#8220;225776,225775,225774,225773,225772&#8243; centered_slides=&#8220;on&#8220; speed=&#8220;7000&#8243; autoplay_speed=&#8220;5000&#8243; space_between=&#8220;60&#8243; horizontal_alignment=&#8220;flex-end&#8220; dots=&#8220;off&#8220; touch_move=&#8220;on&#8220; show_lightbox=&#8220;on&#8220; show_lightbox_gallery=&#8220;on&#8220; arrow_color=&#8220;#FFFFFF&#8220; arrow_background_color=&#8220;#000000&#8243; slide_to_show_tablet=&#8220;3&#8243; slide_to_show_phone=&#8220;2&#8243; slide_to_show_last_edited=&#8220;on|phone&#8220; _builder_version=&#8220;4.16&#8243; _module_preset=&#8220;default&#8220; background_color=&#8220;RGBA(0,0,0,0)&#8220; locked=&#8220;off&#8220; global_colors_info=&#8220;{}&#8220;][\/dsm_image_carousel][\/et_pb_column][\/et_pb_row][\/et_pb_section][et_pb_section fb_built=&#8220;1&#8243; module_id=&#8220;next&#8220; _builder_version=&#8220;4.16&#8243; background_color=&#8220;#FFFFFF&#8220; background_enable_image=&#8220;off&#8220; background_size=&#8220;contain&#8220; background_position=&#8220;bottom_left&#8220; background_repeat=&#8220;repeat-x&#8220; custom_padding=&#8220;0px||0px||false|false&#8220; global_colors_info=&#8220;{}&#8220;][et_pb_row column_structure=&#8220;2_3,1_3&#8243; use_custom_gutter=&#8220;on&#8220; gutter_width=&#8220;1&#8243; make_equal=&#8220;on&#8220; _builder_version=&#8220;4.16&#8243; background_color=&#8220;#FFFFFF&#8220; custom_margin_tablet=&#8220;||||false|false&#8220; custom_margin_phone=&#8220;|0px||20px|false|false&#8220; custom_margin_last_edited=&#8220;on|tablet&#8220; custom_padding=&#8220;0px||0px||false|false&#8220; global_colors_info=&#8220;{%22gcid-0ed248c1-eb15-4424-954a-cbcb8467f2ad%22:%91%93}&#8220;][et_pb_column type=&#8220;2_3&#8243; _builder_version=&#8220;4.16&#8243; background_enable_color=&#8220;off&#8220; custom_padding=&#8220;|||&#8220; border_width_left=&#8220;1px&#8220; border_color_left=&#8220;#D8D8D8&#8243; border_width_left_tablet=&#8220;0px&#8220; border_width_left_phone=&#8220;&#8220; border_width_left_last_edited=&#8220;on|tablet&#8220; global_colors_info=&#8220;{%22gcid-0ed248c1-eb15-4424-954a-cbcb8467f2ad%22:%91%93}&#8220; custom_padding__hover=&#8220;|||&#8220;][et_pb_accordion open_toggle_text_color=&#8220;#000000&#8243; open_toggle_background_color=&#8220;rgba(0,0,0,0)&#8220; closed_toggle_background_color=&#8220;RGBA(0,0,0,0)&#8220; icon_color=&#8220;#000000&#8243; admin_label=&#8220;K\u00fcnstler \/ In&#8220; _builder_version=&#8220;4.16&#8243; toggle_font=&#8220;|600|||||||&#8220; toggle_text_align=&#8220;left&#8220; toggle_font_size=&#8220;22px&#8220; body_font=&#8220;||||||||&#8220; body_text_align=&#8220;left&#8220; body_text_color=&#8220;#888888&#8243; body_line_height=&#8220;1.5em&#8220; text_orientation=&#8220;left&#8220; width_last_edited=&#8220;off|desktop&#8220; custom_margin_tablet=&#8220;|0px||0px|false|false&#8220; custom_margin_phone=&#8220;|||0px|false|false&#8220; custom_margin_last_edited=&#8220;off|desktop&#8220; toggle_font_size_tablet=&#8220;22px&#8220; toggle_font_size_phone=&#8220;18px&#8220; toggle_font_size_last_edited=&#8220;on|desktop&#8220; toggle_line_height_tablet=&#8220;120%&#8220; toggle_line_height_phone=&#8220;&#8220; toggle_line_height_last_edited=&#8220;on|desktop&#8220; custom_css_main_element=&#8220;color: #dce7eb !important;&#8220; custom_css_toggle=&#8220;||padding: 0;||margin-bottom: 0 !important;&#8220; custom_css_toggle_title=&#8220;padding: 27px 0 27px 50px !important;&#8220; custom_css_toggle_icon=&#8220; font-size: 30px;|| right: auto;|| left: 0;&#8220; custom_css_toggle_content=&#8220; padding-left: 50px;|| padding-top: 0;|| margin-top: -6px;|| line-height: 170%;|| padding-right: 0.2vw;|| padding-bottom: 29px;&#8220; locked=&#8220;off&#8220; global_colors_info=&#8220;{}&#8220; closed_toggle_background_color__hover_enabled=&#8220;off|hover&#8220; icon_color__hover_enabled=&#8220;on|hover&#8220; icon_color__hover=&#8220;#9DA7CF&#8220; custom_margin__hover_enabled=&#8220;off|hover&#8220;][et_pb_accordion_item title=&#8220;Malerei von Eva Gr\u00fcnwald&#8220; open=&#8220;on&#8220; _builder_version=&#8220;4.16&#8243; background_size=&#8220;initial&#8220; background_position=&#8220;top_left&#8220; background_repeat=&#8220;repeat&#8220; text_orientation=&#8220;left&#8220; module_alignment=&#8220;left&#8220; custom_margin_tablet=&#8220;||||false|false&#8220; custom_margin_last_edited=&#8220;off|phone&#8220; custom_padding=&#8220;|20px||20px|false|false&#8220; custom_padding_tablet=&#8220;|0px||0px|false|false&#8220; custom_padding_phone=&#8220;&#8220; custom_padding_last_edited=&#8220;on|tablet&#8220; global_colors_info=&#8220;{}&#8220;]<\/p>\n<p>Jedes Bild ist schon einmal gemalt worden, so wie jeder Gedanke schon einmal gedacht wurde. Warum also auch wieder dieses Motiv malen? So wie der Fluss nie derselbe an einer Stelle ist, ist auch jedes Bild neu \u2013 alles \u00e4ndert sich, die Farben, das Licht, die Umgebung \u2026<br \/>Durch das Malen kann ich anhalten und entschleunigen.<\/p>\n<p><strong>Eva Gr\u00fcnwald \u00fcber Ihre Arbeit<\/strong><\/p>\n<p>Ich male seit mehr als 10 Jahren bei unterschiedlichen Dozenten (Viktor Knack, Astrid Hille und Ulrich Gater). Meine Themen reichen von Landschaften, Stadtansichten bis zu Stillleben.<\/p>\n<p>Ausgangspunkt kann ein Foto, ein Gegenstand oder ein Landschaftsausschnitt (plein air) sein. Sorgsames Betrachten und Wahrnehmen des Motivs mit allen Sinnen, Farbe und Struktur erfassen, Details wahrnehmen, langsam werden und hinschauen sind Vorarbeiten vor dem eigentlichen Malprozess.<\/p>\n<p>F\u00fcr mich ist nicht das exakte Wiedergeben des Malgegenstands interessant und spannend, sondern die malerische Umsetzung in etwas Neues. Unauff\u00e4lliges, Allt\u00e4gliches und Unbedeutendes stehen im Mittelpunkt ohne versteckte Botschaften. Durch die Art der Darstellung (z.B. extreme Vergr\u00f6\u00dferung) soll der Bildgegenstand f\u00fcr den Betrachter eine neue Bedeutung erhalten, spannend werden und neue Perspektive auf Allt\u00e4gliches erm\u00f6glichen.<\/p>\n<p><strong>\u00dcber die K\u00fcnstlerin<\/strong><\/p>\n<ul>\n<li>1963 geboren in Freiburg<\/li>\n<li>Ausbildung zur Fremdsprachenkorrespondentin<\/li>\n<li>Seit 1998 t\u00e4tig an der Universit\u00e4t Freiburg, Technische Fakult\u00e4t<\/li>\n<\/ul>\n<p>[\/et_pb_accordion_item][\/et_pb_accordion][\/et_pb_column][et_pb_column type=&#8220;1_3&#8243; _builder_version=&#8220;4.16&#8243; background_enable_color=&#8220;off&#8220; custom_padding=&#8220;||||false|false&#8220; border_color_bottom=&#8220;#D8D8D8&#8243; border_width_left=&#8220;1px&#8220; border_color_left=&#8220;#D8D8D8&#8243; border_width_bottom_tablet=&#8220;0px&#8220; border_width_bottom_phone=&#8220;&#8220; border_width_bottom_last_edited=&#8220;on|tablet&#8220; border_width_left_tablet=&#8220;0px&#8220; border_width_left_phone=&#8220;&#8220; border_width_left_last_edited=&#8220;on|tablet&#8220; border_color_left_tablet=&#8220;&#8220; border_color_left_phone=&#8220;&#8220; border_color_left_last_edited=&#8220;on|tablet&#8220; global_colors_info=&#8220;{%22gcid-0ed248c1-eb15-4424-954a-cbcb8467f2ad%22:%91%93,%22gcid-96b88229-da64-4f14-afa5-f3d47a8141ef%22:%91%93}&#8220; custom_padding__hover=&#8220;|||&#8220;][et_pb_accordion open_toggle_text_color=&#8220;#000000&#8243; open_toggle_background_color=&#8220;rgba(0,0,0,0)&#8220; closed_toggle_background_color=&#8220;rgba(0,0,0,0)&#8220; icon_color=&#8220;#000000&#8243; admin_label=&#8220;Anschrift&#8220; _builder_version=&#8220;4.16&#8243; toggle_font=&#8220;|600|||||||&#8220; toggle_text_align=&#8220;left&#8220; toggle_font_size=&#8220;22px&#8220; body_font=&#8220;||||||||&#8220; body_text_align=&#8220;left&#8220; body_text_color=&#8220;#888888&#8243; body_line_height=&#8220;1.5em&#8220; text_orientation=&#8220;left&#8220; width_last_edited=&#8220;off|desktop&#8220; custom_margin_tablet=&#8220;|0px||0px|false|false&#8220; custom_margin_phone=&#8220;|||0px|false|false&#8220; custom_margin_last_edited=&#8220;off|desktop&#8220; toggle_font_size_tablet=&#8220;22px&#8220; toggle_font_size_phone=&#8220;18px&#8220; toggle_font_size_last_edited=&#8220;on|desktop&#8220; toggle_line_height_tablet=&#8220;120%&#8220; toggle_line_height_phone=&#8220;&#8220; toggle_line_height_last_edited=&#8220;on|desktop&#8220; custom_css_main_element=&#8220;color: #dce7eb !important;&#8220; custom_css_toggle=&#8220;||padding: 0;||margin-bottom: 0 !important;&#8220; custom_css_toggle_title=&#8220;padding: 27px 0 27px 50px !important;&#8220; custom_css_toggle_icon=&#8220; font-size: 30px;|| right: auto;|| left: 0;&#8220; custom_css_toggle_content=&#8220; padding-left: 50px;|| padding-top: 0;|| margin-top: -6px;|| line-height: 170%;|| padding-right: 0.2vw;|| padding-bottom: 29px;&#8220; locked=&#8220;off&#8220; global_colors_info=&#8220;{}&#8220; closed_toggle_background_color__hover_enabled=&#8220;off|hover&#8220; icon_color__hover_enabled=&#8220;on|hover&#8220; icon_color__hover=&#8220;#9DA7CF&#8220; custom_margin__hover_enabled=&#8220;off|hover&#8220;][et_pb_accordion_item title=&#8220;Kontakt&#8220; open=&#8220;on&#8220; _builder_version=&#8220;4.16&#8243; background_size=&#8220;initial&#8220; background_position=&#8220;top_left&#8220; background_repeat=&#8220;repeat&#8220; text_orientation=&#8220;left&#8220; module_alignment=&#8220;left&#8220; custom_margin_tablet=&#8220;||||false|false&#8220; custom_margin_last_edited=&#8220;off|phone&#8220; custom_padding=&#8220;|20px||20px|false|false&#8220; custom_padding_tablet=&#8220;|0px||0px|false|false&#8220; custom_padding_phone=&#8220;&#8220; custom_padding_last_edited=&#8220;on|tablet&#8220; global_colors_info=&#8220;{}&#8220;]<\/p>\n<p>Eva Gr\u00fcnwald<br \/>Bergstra\u00dfe 1a<br \/>79288 Gottenheim<\/p>\n<p>E-Mail: <a href=\"mailto:evagruenwald@gmx.de\" target=\"_blank\" rel=\"noopener\">evagruenwald@gmx.de<\/a><br \/><a href=\"https:\/\/www.evagruenwald.blogspot.de\" target=\"_blank\" rel=\"noopener\">www.evagruenwald.blogspot.de<\/a><br \/>Telefon: 0176 \/ 84 87 27 32<\/p>\n<p>&nbsp;<\/p>\n<p>[\/et_pb_accordion_item][\/et_pb_accordion][\/et_pb_column][\/et_pb_row][\/et_pb_section][et_pb_section fb_built=&#8220;1&#8243; fullwidth=&#8220;on&#8220; admin_label=&#8220;Header Section&#8220; _builder_version=&#8220;4.16&#8243; background_color=&#8220;#000000&#8243; custom_padding=&#8220;|||&#8220; locked=&#8220;off&#8220; global_colors_info=&#8220;{}&#8220;][et_pb_fullwidth_header title=&#8220;bisherige Ausstellungen&#8220; text_orientation=&#8220;center&#8220; background_overlay_color=&#8220;rgba(0,0,0,0.4)&#8220; content_max_width_last_edited=&#8220;off|desktop&#8220; admin_label=&#8220;Bild bisherige Ausstellungen&#8220; _builder_version=&#8220;4.16&#8243; title_font=&#8220;|600|||||||&#8220; title_text_align=&#8220;center&#8220; title_font_size=&#8220;80px&#8220; title_line_height=&#8220;1.2em&#8220; subhead_font=&#8220;Nunito|600|||||||&#8220; subhead_font_size=&#8220;20px&#8220; subhead_line_height=&#8220;1.9em&#8220; background_color=&#8220;rgba(255, 255, 255, 0)&#8220; background_image=&#8220;https:\/\/www.idr-freiburg.de\/content\/wp-content\/uploads\/2021\/05\/Ausstellung-jonny-caspari-KuudDjBHIlA-unsplash.jpg&#8220; background_position=&#8220;top_center&#8220; custom_button_one=&#8220;on&#8220; button_one_text_size=&#8220;15px&#8220; button_one_bg_color=&#8220;#dca57d&#8220; button_one_border_width=&#8220;10px&#8220; button_one_border_color=&#8220;#dca57d&#8220; button_one_border_radius=&#8220;0px&#8220; button_one_letter_spacing=&#8220;3px&#8220; button_one_font=&#8220;Oswald|||on|&#8220; button_one_use_icon=&#8220;off&#8220; custom_margin=&#8220;80px||||false|false&#8220; custom_margin_tablet=&#8220;40px||||false|false&#8220; custom_margin_phone=&#8220;20px||||false|false&#8220; custom_margin_last_edited=&#8220;on|phone&#8220; custom_padding=&#8220;10%||10%||false|false&#8220; animation_style=&#8220;fade&#8220; animation_starting_opacity=&#8220;50%&#8220; animation_speed_curve=&#8220;ease-in&#8220; title_font_size_tablet=&#8220;60px&#8220; title_font_size_phone=&#8220;40px&#8220; title_font_size_last_edited=&#8220;on|phone&#8220; button_one_border_color_hover=&#8220;#c99872&#8243; button_one_border_radius_hover=&#8220;0px&#8220; button_one_letter_spacing_hover=&#8220;3px&#8220; button_one_bg_color_hover=&#8220;#c99872&#8243; global_colors_info=&#8220;{}&#8220; button_one_text_size__hover_enabled=&#8220;off&#8220; button_two_text_size__hover_enabled=&#8220;off&#8220; button_one_text_color__hover_enabled=&#8220;off&#8220; button_two_text_color__hover_enabled=&#8220;off&#8220; button_one_border_width__hover_enabled=&#8220;off&#8220; button_two_border_width__hover_enabled=&#8220;off&#8220; button_one_border_color__hover_enabled=&#8220;on&#8220; button_one_border_color__hover=&#8220;#c99872&#8243; button_two_border_color__hover_enabled=&#8220;off&#8220; button_one_border_radius__hover_enabled=&#8220;on&#8220; button_one_border_radius__hover=&#8220;0px&#8220; button_two_border_radius__hover_enabled=&#8220;off&#8220; button_one_letter_spacing__hover_enabled=&#8220;on&#8220; button_one_letter_spacing__hover=&#8220;3px&#8220; button_two_letter_spacing__hover_enabled=&#8220;off&#8220; button_one_bg_color__hover_enabled=&#8220;on&#8220; button_one_bg_color__hover=&#8220;#c99872&#8243; button_two_bg_color__hover_enabled=&#8220;off&#8220;][\/et_pb_fullwidth_header][\/et_pb_section][et_pb_section fb_built=&#8220;1&#8243; admin_label=&#8220;Blog Section&#8220; _builder_version=&#8220;4.16&#8243; background_color=&#8220;gcid-96b88229-da64-4f14-afa5-f3d47a8141ef&#8220; custom_padding=&#8220;100px|0px|100px|&#8220; locked=&#8220;off&#8220; global_colors_info=&#8220;{%22gcid-96b88229-da64-4f14-afa5-f3d47a8141ef%22:%91%22background_color%22%93}&#8220;][et_pb_row _builder_version=&#8220;4.16&#8243; module_alignment=&#8220;center&#8220; custom_margin=&#8220;|0px||0px|false|false&#8220; custom_padding=&#8220;|0px||0px|false|false&#8220; global_colors_info=&#8220;{}&#8220;][et_pb_column type=&#8220;4_4&#8243; _builder_version=&#8220;4.16&#8243; custom_padding=&#8220;|||&#8220; global_colors_info=&#8220;{}&#8220; custom_padding__hover=&#8220;|||&#8220;][dsm_blog_carousel posts_number=&#8220;20&#8243; include_categories=&#8220;17&#8243; use_overlay=&#8220;on&#8220; overlay_icon=&#8220;&#xe006;||divi||400&#8243; overlay_icon_color=&#8220;#000000&#8243; overlay_icon_size=&#8220;48px&#8220; hover_overlay_color=&#8220;rgba(255,255,255,0.5)&#8220; use_excerpt=&#8220;off&#8220; use_date=&#8220;off&#8220; meta_date=&#8220;j. M Y&#8220; use_author=&#8220;off&#8220; columns=&#8220;5&#8243; centered_slides=&#8220;on&#8220; pause_on_hover=&#8220;on&#8220; use_pagi=&#8220;off&#8220; navi_color=&#8220;#FFFFFF&#8220; navi_background_color=&#8220;#000000&#8243; post_equal_height=&#8220;on&#8220; columns_tablet=&#8220;2&#8243; columns_phone=&#8220;1&#8243; columns_last_edited=&#8220;on|phone&#8220; _builder_version=&#8220;4.16&#8243; _module_preset=&#8220;default&#8220; border_width_all_navi_arrow=&#8220;6px&#8220; border_color_all_navi_arrow=&#8220;gcid-96b88229-da64-4f14-afa5-f3d47a8141ef&#8220; global_colors_info=&#8220;{%22gcid-96b88229-da64-4f14-afa5-f3d47a8141ef%22:%91%22border_color_all_navi_arrow%22%93}&#8220;][\/dsm_blog_carousel][\/et_pb_column][\/et_pb_row][\/et_pb_section]<\/p>\n","protected":false},"excerpt":{"rendered":"<p>Perspektiven des AlltagsDie malerische Wiedergabe des Allt\u00e4glichen (und manchmal auch Banalen), bewirkt eine gewisse Distanz und kann den Betrachter anregen, sich die Frage nach seiner Sicht auf diese Dinge zu stellen. Ein k\u00fcnstlerischer R\u00fcckblick auf das Ausstellungsjahr 2015:Die Werke der K\u00fcnstlerin Gerlinde Hartmann wurden vom 6. Mai 2015 bis 25. September 2015 in unserer Praxis in der Gartenstra\u00dfe 28 in Freiburg pr\u00e4sentiert.<div class=\"et_pb_module dsm_image_carousel dsm_image_carousel_0 dsm_image_carousel_arrow_outside dsm_image_carousel_arrow_mobile_inside \">\n\t\t\t\t\n\t\t\t\t\n\t\t\t\t\n\t\t\t\t\n\t\t\t\t\n\t\t\t\t\n\t\t\t\t<div class=\"et_pb_module_inner\">\n\t\t\t\t\t<div class=\"swiper-container dsm_image_carousel_container  dsm_image_carousel_carousel\" dir=\"ltr\"data-effect=\"default\"\n\t\t\tdata-slider-effect-shadows=\"false\"\n\t\t\tdata-slider-effect-coverflow-rotate=\"30\"\n\t\t\tdata-slider-effect-coverflow-depth=\"0\"\n\t\t\tdata-loop=\"true\"\n\t\t\tdata-slide-to-show=\"4\"\n\t\t\tdata-slide-to-show-tablet=\"3\"\n\t\t\tdata-slide-to-show-phone=\"2\"\n\t\t\tdata-slide-to-scroll=\"1\"\n\t\t\tdata-slide-to-scroll-tablet=\"1\"\n\t\t\tdata-slide-to-scroll-phone=\"1\"\n\t\t\tdata-space-between=\"60\"\n\t\t\tdata-space-between-tablet=\"60\"\n\t\t\tdata-space-between-phone=\"60\"\n\t\t\tdata-slide-row=\"1\"\n\t\t\tdata-centered-slides=\"true\"\n\t\t\tdata-speed=\"7000\"\n\t\t\tdata-autoplay=\"true\"\n\t\t\tdata-autoplay-speed=\"5000\"\n\t\t\tdata-touch-move=\"false\"\n\t\t\tdata-grab=\"true\"\n\t\t\tdata-pause-on-hover=\"false\"\n\t\t\tdata-show-lightbox=\"true\"\n\t\t\tdata-lightbox-gallery=\"true\"\n\t\t\tdata-lightbox-caption=\"false\"\n\t\t\tdata-infinite-scrolling=\"false\"\n\t\t\tdata-slide-row-tablet=\"1\"\n\t\t\tdata-slide-row-phone=\"1\"\n\t\t\tdata-autoplay-viewport=80%\n\t\t\tdata-mousewheel=\"false\"\n\t\t\tdata-lazyload=\"false\"\n\t\t\tdata-type=\"carousel\"\n\t\t\tdata-slideshow-effect=\"default\"\n\t\t\tdata-slideshow-to-show=\"4\"\n\t\t\tdata-slideshow-to-show-tablet=\"4\"\n\t\t\tdata-slideshow-to-show-phone=\"\"\n\t\t\tdata-slider-orientation=\"horizontal\"\n\t\t\t\t\t\tdata-lightbox-title=\"false\"\n\n\t\t\t><div class=\"swiper-wrapper\"><div class=\"swiper-slide dsm_image_carousel_item\"><a class=\"dsm_image_carousel_lightbox\" href=\"https:\/\/www.idr-freiburg.de\/content\/wp-content\/uploads\/2021\/06\/Ausstellung-2015-Gruenwald-Schuppen.jpg\" data-mfp-src=\"https:\/\/www.idr-freiburg.de\/content\/wp-content\/uploads\/2021\/06\/Ausstellung-2015-Gruenwald-Schuppen.jpg\"><img loading=\"lazy\" decoding=\"async\" src=\"https:\/\/www.idr-freiburg.de\/content\/wp-content\/uploads\/2021\/06\/Ausstellung-2015-Gruenwald-Schuppen.jpg\" alt=\"\" title=\"Ausstellung-2015-Gruenwald--Schuppen\" width=\"1200\" height=\"878\" data-dsm-image-description=\"\" srcset=\"https:\/\/www.idr-freiburg.de\/content\/wp-content\/uploads\/2021\/06\/Ausstellung-2015-Gruenwald-Schuppen.jpg 1200w, https:\/\/www.idr-freiburg.de\/content\/wp-content\/uploads\/2021\/06\/Ausstellung-2015-Gruenwald-Schuppen-980x717.jpg 980w, https:\/\/www.idr-freiburg.de\/content\/wp-content\/uploads\/2021\/06\/Ausstellung-2015-Gruenwald-Schuppen-480x351.jpg 480w\" sizes=\"(min-width: 0px) and (max-width: 480px) 480px, (min-width: 481px) and (max-width: 980px) 980px, (min-width: 981px) 1200px, 100vw\" class=\" skip-lazy\" \/><\/a><\/div><div class=\"swiper-slide dsm_image_carousel_item\"><a class=\"dsm_image_carousel_lightbox\" href=\"https:\/\/www.idr-freiburg.de\/content\/wp-content\/uploads\/2021\/06\/Ausstellung-2015-Gruenwald-Brot.jpg\" data-mfp-src=\"https:\/\/www.idr-freiburg.de\/content\/wp-content\/uploads\/2021\/06\/Ausstellung-2015-Gruenwald-Brot.jpg\"><img loading=\"lazy\" decoding=\"async\" src=\"https:\/\/www.idr-freiburg.de\/content\/wp-content\/uploads\/2021\/06\/Ausstellung-2015-Gruenwald-Brot.jpg\" alt=\"\" title=\"Ausstellung-2015-Gruenwald--Brot\" width=\"1200\" height=\"874\" data-dsm-image-description=\"\" srcset=\"https:\/\/www.idr-freiburg.de\/content\/wp-content\/uploads\/2021\/06\/Ausstellung-2015-Gruenwald-Brot.jpg 1200w, https:\/\/www.idr-freiburg.de\/content\/wp-content\/uploads\/2021\/06\/Ausstellung-2015-Gruenwald-Brot-980x714.jpg 980w, https:\/\/www.idr-freiburg.de\/content\/wp-content\/uploads\/2021\/06\/Ausstellung-2015-Gruenwald-Brot-480x350.jpg 480w\" sizes=\"(min-width: 0px) and (max-width: 480px) 480px, (min-width: 481px) and (max-width: 980px) 980px, (min-width: 981px) 1200px, 100vw\" class=\" skip-lazy\" \/><\/a><\/div><div class=\"swiper-slide dsm_image_carousel_item\"><a class=\"dsm_image_carousel_lightbox\" href=\"https:\/\/www.idr-freiburg.de\/content\/wp-content\/uploads\/2021\/06\/Ausstellung-2015-Gruenwald-Blick-Auf-Kaiserstuhl.jpg\" data-mfp-src=\"https:\/\/www.idr-freiburg.de\/content\/wp-content\/uploads\/2021\/06\/Ausstellung-2015-Gruenwald-Blick-Auf-Kaiserstuhl.jpg\"><img loading=\"lazy\" decoding=\"async\" src=\"https:\/\/www.idr-freiburg.de\/content\/wp-content\/uploads\/2021\/06\/Ausstellung-2015-Gruenwald-Blick-Auf-Kaiserstuhl.jpg\" alt=\"\" title=\"Ausstellung-2015-Gruenwald--Blick-Auf-Kaiserstuhl\" width=\"1200\" height=\"892\" data-dsm-image-description=\"\" srcset=\"https:\/\/www.idr-freiburg.de\/content\/wp-content\/uploads\/2021\/06\/Ausstellung-2015-Gruenwald-Blick-Auf-Kaiserstuhl.jpg 1200w, https:\/\/www.idr-freiburg.de\/content\/wp-content\/uploads\/2021\/06\/Ausstellung-2015-Gruenwald-Blick-Auf-Kaiserstuhl-980x728.jpg 980w, https:\/\/www.idr-freiburg.de\/content\/wp-content\/uploads\/2021\/06\/Ausstellung-2015-Gruenwald-Blick-Auf-Kaiserstuhl-480x357.jpg 480w\" sizes=\"(min-width: 0px) and (max-width: 480px) 480px, (min-width: 481px) and (max-width: 980px) 980px, (min-width: 981px) 1200px, 100vw\" class=\" skip-lazy\" \/><\/a><\/div><div class=\"swiper-slide dsm_image_carousel_item\"><a class=\"dsm_image_carousel_lightbox\" href=\"https:\/\/www.idr-freiburg.de\/content\/wp-content\/uploads\/2021\/06\/Ausstellung-2015-Gruenwald-Berg.jpg\" data-mfp-src=\"https:\/\/www.idr-freiburg.de\/content\/wp-content\/uploads\/2021\/06\/Ausstellung-2015-Gruenwald-Berg.jpg\"><img loading=\"lazy\" decoding=\"async\" src=\"https:\/\/www.idr-freiburg.de\/content\/wp-content\/uploads\/2021\/06\/Ausstellung-2015-Gruenwald-Berg.jpg\" alt=\"\" title=\"Ausstellung-2015-Gruenwald--Berg\" width=\"1200\" height=\"1017\" data-dsm-image-description=\"\" srcset=\"https:\/\/www.idr-freiburg.de\/content\/wp-content\/uploads\/2021\/06\/Ausstellung-2015-Gruenwald-Berg.jpg 1200w, https:\/\/www.idr-freiburg.de\/content\/wp-content\/uploads\/2021\/06\/Ausstellung-2015-Gruenwald-Berg-980x831.jpg 980w, https:\/\/www.idr-freiburg.de\/content\/wp-content\/uploads\/2021\/06\/Ausstellung-2015-Gruenwald-Berg-480x407.jpg 480w\" sizes=\"(min-width: 0px) and (max-width: 480px) 480px, (min-width: 481px) and (max-width: 980px) 980px, (min-width: 981px) 1200px, 100vw\" class=\" skip-lazy\" \/><\/a><\/div><div class=\"swiper-slide dsm_image_carousel_item\"><a class=\"dsm_image_carousel_lightbox\" href=\"https:\/\/www.idr-freiburg.de\/content\/wp-content\/uploads\/2021\/06\/Ausstellung-2015-Gruenwald-Bananen.jpg\" data-mfp-src=\"https:\/\/www.idr-freiburg.de\/content\/wp-content\/uploads\/2021\/06\/Ausstellung-2015-Gruenwald-Bananen.jpg\"><img loading=\"lazy\" decoding=\"async\" src=\"https:\/\/www.idr-freiburg.de\/content\/wp-content\/uploads\/2021\/06\/Ausstellung-2015-Gruenwald-Bananen.jpg\" alt=\"\" title=\"Ausstellung-2015-Gruenwald--Bananen\" width=\"1229\" height=\"1200\" data-dsm-image-description=\"\" srcset=\"https:\/\/www.idr-freiburg.de\/content\/wp-content\/uploads\/2021\/06\/Ausstellung-2015-Gruenwald-Bananen.jpg 1229w, https:\/\/www.idr-freiburg.de\/content\/wp-content\/uploads\/2021\/06\/Ausstellung-2015-Gruenwald-Bananen-980x957.jpg 980w, https:\/\/www.idr-freiburg.de\/content\/wp-content\/uploads\/2021\/06\/Ausstellung-2015-Gruenwald-Bananen-480x469.jpg 480w\" sizes=\"(min-width: 0px) and (max-width: 480px) 480px, (min-width: 481px) and (max-width: 980px) 980px, (min-width: 981px) 1229px, 100vw\" class=\" skip-lazy\" \/><\/a><\/div><\/div><\/div><div class=\"swiper-button-prev swiper-arrow-button\" data-icon=\"4\"><\/div><div class=\"swiper-button-next swiper-arrow-button\" data-icon=\"5\"><\/div>\n\t\t\t\t<\/div>\n\t\t\t<\/div>Jedes Bild ist schon einmal gemalt worden, so wie jeder Gedanke schon einmal gedacht wurde. Warum also auch wieder dieses Motiv malen? So wie der Fluss nie derselbe an einer Stelle ist, ist auch jedes Bild neu \u2013 alles \u00e4ndert sich, die Farben, das Licht, die Umgebung \u2026Durch das Malen kann ich anhalten und entschleunigen. Eva Gr\u00fcnwald \u00fcber Ihre Arbeit Ich male seit mehr als 10 Jahren bei unterschiedlichen Dozenten (Viktor Knack, Astrid Hille und Ulrich Gater). Meine Themen reichen von Landschaften, Stadtansichten bis zu Stillleben. Ausgangspunkt kann ein Foto, ein Gegenstand oder ein Landschaftsausschnitt (plein air) sein. Sorgsames Betrachten und Wahrnehmen des Motivs mit allen Sinnen, Farbe und Struktur erfassen, Details wahrnehmen, langsam werden und hinschauen sind Vorarbeiten [&hellip;]<\/p>\n","protected":false},"author":2,"featured_media":225773,"comment_status":"open","ping_status":"open","sticky":false,"template":"","format":"standard","meta":{"_et_pb_use_builder":"on","_et_pb_old_content":"","_et_gb_content_width":"","footnotes":""},"categories":[17],"tags":[],"class_list":["post-225778","post","type-post","status-publish","format-standard","has-post-thumbnail","hentry","category-ausstellungen"],"_links":{"self":[{"href":"https:\/\/www.idr-freiburg.de\/content\/wp-json\/wp\/v2\/posts\/225778","targetHints":{"allow":["GET"]}}],"collection":[{"href":"https:\/\/www.idr-freiburg.de\/content\/wp-json\/wp\/v2\/posts"}],"about":[{"href":"https:\/\/www.idr-freiburg.de\/content\/wp-json\/wp\/v2\/types\/post"}],"author":[{"embeddable":true,"href":"https:\/\/www.idr-freiburg.de\/content\/wp-json\/wp\/v2\/users\/2"}],"replies":[{"embeddable":true,"href":"https:\/\/www.idr-freiburg.de\/content\/wp-json\/wp\/v2\/comments?post=225778"}],"version-history":[{"count":0,"href":"https:\/\/www.idr-freiburg.de\/content\/wp-json\/wp\/v2\/posts\/225778\/revisions"}],"wp:featuredmedia":[{"embeddable":true,"href":"https:\/\/www.idr-freiburg.de\/content\/wp-json\/wp\/v2\/media\/225773"}],"wp:attachment":[{"href":"https:\/\/www.idr-freiburg.de\/content\/wp-json\/wp\/v2\/media?parent=225778"}],"wp:term":[{"taxonomy":"category","embeddable":true,"href":"https:\/\/www.idr-freiburg.de\/content\/wp-json\/wp\/v2\/categories?post=225778"},{"taxonomy":"post_tag","embeddable":true,"href":"https:\/\/www.idr-freiburg.de\/content\/wp-json\/wp\/v2\/tags?post=225778"}],"curies":[{"name":"wp","href":"https:\/\/api.w.org\/{rel}","templated":true}]}}